
{"id":67852,"date":"2017-09-20T12:04:44","date_gmt":"2017-09-20T15:04:44","guid":{"rendered":"http:\/\/www.sudoestehoje.com.br\/novoportal\/?p=67852"},"modified":"2017-09-20T12:13:23","modified_gmt":"2017-09-20T15:13:23","slug":"brasilia-secretario-da-presidencia-paulo-camara-defende-setor-agropecuario","status":"publish","type":"post","link":"https:\/\/www.sudoestehoje.com.br\/novoportal\/2017\/09\/20\/brasilia-secretario-da-presidencia-paulo-camara-defende-setor-agropecuario\/","title":{"rendered":"SECRET\u00c1RIO DA PRESID\u00caNCIA PAULO C\u00c2MARA ATUA EM DEFESA DO SETOR AGROPECU\u00c1RIO"},"content":{"rendered":"<p><a href=\"http:\/\/www.sudoestehoje.com.br\/novoportal\/wp-content\/uploads\/2017\/09\/paulo-camara.jpg\"><img loading=\"lazy\" decoding=\"async\" class=\"aligncenter size-medium wp-image-67853\" src=\"http:\/\/www.sudoestehoje.com.br\/novoportal\/wp-content\/uploads\/2017\/09\/paulo-camara-500x500.jpg\" alt=\"\" width=\"500\" height=\"500\" srcset=\"https:\/\/www.sudoestehoje.com.br\/novoportal\/wp-content\/uploads\/2017\/09\/paulo-camara-500x500.jpg 500w, https:\/\/www.sudoestehoje.com.br\/novoportal\/wp-content\/uploads\/2017\/09\/paulo-camara-150x150.jpg 150w, https:\/\/www.sudoestehoje.com.br\/novoportal\/wp-content\/uploads\/2017\/09\/paulo-camara-768x768.jpg 768w, https:\/\/www.sudoestehoje.com.br\/novoportal\/wp-content\/uploads\/2017\/09\/paulo-camara-700x700.jpg 700w, https:\/\/www.sudoestehoje.com.br\/novoportal\/wp-content\/uploads\/2017\/09\/paulo-camara.jpg 960w\" sizes=\"auto, (max-width: 500px) 100vw, 500px\" \/><\/a><\/p>\n<p><span class=\"_3oh- _58nk\">Com o apoio do Ministro Imbassahy, o Secret\u00e1rio Nacional para Assuntos Federativos da Presid\u00eancia da Rep\u00fablica, Paulo C\u00e2mara, esteve ontem em audi\u00eancia com o vice-presidente de Agroneg\u00f3cios do Banco do Brasil, Tarc\u00edsio H\u00fcbner e o gerente executivo da mesma \u00e1rea, Alvaro Tosetto, para tratar de assuntos referentes aos produtores rurais.\u00a0<\/span><\/p>\n<p><span class=\"_3oh- _58nk\">Entre as solicita\u00e7\u00f5es, por Paulo C\u00e2mara demandadas para o setor, destacam-se:\u00a0<\/span><\/p>\n<p><span class=\"_3oh- _58nk\">&#8211; Dispensa de an\u00e1lises caso a caso em opera\u00e7\u00f5es at\u00e9 R$ 200 mil ( o que representa + de 90% das opera\u00e7\u00f5es)\u00a0<\/span><\/p>\n<p><span class=\"_3oh- _58nk\">&#8211; An\u00e1lise caso a caso tamb\u00e9m para as opera\u00e7\u00f5es acima de R$ 200 mil\u00a0<\/span><span class=\"_3oh- _58nk\">&#8211; Dispensa de laudos individuais<\/span><\/p>\n<p><span class=\"_3oh- _58nk\"> &#8211;\u00a0<\/span><span class=\"_3oh- _58nk\">Dispensa de decreto municipal <\/span><\/p>\n<p><span class=\"_3oh- _58nk\">Sem impedimento para o produtor tomar novos cr\u00e9ditos.<\/span><\/p>\n<p><span class=\"_3oh- _58nk\">Para parcelas de investimentos e custeios prorrogados em anos anteriores: 1 ano ap\u00f3s o final do contrato Para custeios: Pecu\u00e1ria e fruticultura: 3 parcelas anuais com a primeira em 2020 Demais atividades: 4 parcelas anuais com a primeira em 2019.<\/span><\/p>\n<p><span class=\"_3oh- _58nk\"><em>&#8220;Voc\u00eas, que s\u00e3o uma importante for\u00e7a produtiva do pa\u00eds, podem sempre contar comigo e com o Ministro Imbassahy para contribuir com o trabalho que realizam movimentando a economia. Esta foi a primeira reuni\u00e3o. Vou lutar para que esta pauta seja atendida&#8221;<\/em>, garantiu o secret\u00e1rio. \/\/Ascom<\/span><\/p>\n","protected":false},"excerpt":{"rendered":"<p>Com o apoio do Ministro Imbassahy, o Secret\u00e1rio Nacional para Assuntos Federativos da Presid\u00eancia da Rep\u00fablica, Paulo C\u00e2mara, esteve ontem em audi\u00eancia com o vice-presidente de Agroneg\u00f3cios do Banco do Brasil, Tarc\u00edsio H\u00fcbner e o gerente executivo da mesma \u00e1rea, Alvaro Tosetto, para tratar de assuntos referentes aos produtores rurais.\u00a0 Entre as solicita\u00e7\u00f5es, por Paulo [&hellip;]<\/p>\n","protected":false},"author":2,"featured_media":67853,"comment_status":"open","ping_status":"open","sticky":false,"template":"","format":"standard","meta":{"footnotes":"","_links_to":"","_links_to_target":""},"categories":[1],"tags":[],"class_list":["post-67852","post","type-post","status-publish","format-standard","has-post-thumbnail","hentry","category-geral"],"views":1073,"_links":{"self":[{"href":"https:\/\/www.sudoestehoje.com.br\/novoportal\/wp-json\/wp\/v2\/posts\/67852","targetHints":{"allow":["GET"]}}],"collection":[{"href":"https:\/\/www.sudoestehoje.com.br\/novoportal\/wp-json\/wp\/v2\/posts"}],"about":[{"href":"https:\/\/www.sudoestehoje.com.br\/novoportal\/wp-json\/wp\/v2\/types\/post"}],"author":[{"embeddable":true,"href":"https:\/\/www.sudoestehoje.com.br\/novoportal\/wp-json\/wp\/v2\/users\/2"}],"replies":[{"embeddable":true,"href":"https:\/\/www.sudoestehoje.com.br\/novoportal\/wp-json\/wp\/v2\/comments?post=67852"}],"version-history":[{"count":5,"href":"https:\/\/www.sudoestehoje.com.br\/novoportal\/wp-json\/wp\/v2\/posts\/67852\/revisions"}],"predecessor-version":[{"id":67858,"href":"https:\/\/www.sudoestehoje.com.br\/novoportal\/wp-json\/wp\/v2\/posts\/67852\/revisions\/67858"}],"wp:featuredmedia":[{"embeddable":true,"href":"https:\/\/www.sudoestehoje.com.br\/novoportal\/wp-json\/wp\/v2\/media\/67853"}],"wp:attachment":[{"href":"https:\/\/www.sudoestehoje.com.br\/novoportal\/wp-json\/wp\/v2\/media?parent=67852"}],"wp:term":[{"taxonomy":"category","embeddable":true,"href":"https:\/\/www.sudoestehoje.com.br\/novoportal\/wp-json\/wp\/v2\/categories?post=67852"},{"taxonomy":"post_tag","embeddable":true,"href":"https:\/\/www.sudoestehoje.com.br\/novoportal\/wp-json\/wp\/v2\/tags?post=67852"}],"curies":[{"name":"wp","href":"https:\/\/api.w.org\/{rel}","templated":true}]}}