
{"id":6785,"date":"2011-07-18T00:22:14","date_gmt":"2011-07-18T03:22:14","guid":{"rendered":"http:\/\/www.sudoestehoje.com.br\/novoportal\/?p=6785"},"modified":"2011-07-18T00:43:53","modified_gmt":"2011-07-18T03:43:53","slug":"secretario-james-correia-reune-liderancas-da-regiao-para-discutir-crise-da-azaleia","status":"publish","type":"post","link":"https:\/\/www.sudoestehoje.com.br\/novoportal\/2011\/07\/18\/secretario-james-correia-reune-liderancas-da-regiao-para-discutir-crise-da-azaleia\/","title":{"rendered":"SECRET\u00c1RIO JAMES CORREIA RE\u00daNE LIDERAN\u00c7AS REGIONAIS PARA DISCUTIR CRISE DA AZAL\u00c9IA"},"content":{"rendered":"<p style=\"text-align: center;\"><img loading=\"lazy\" decoding=\"async\" class=\"aligncenter\" src=\"http:\/\/www.oqa.com.br\/carona\/logo_carona.gif\" alt=\"\" width=\"232\" height=\"256\" \/><\/p>\n<p>\u00a0<\/p>\n<p>ITAPETINGA: Em reuni\u00e3o marcada para esta segunda-feira, no plen\u00e1rio da c\u00e2mara de vereadores de Itapetinga, o Secret\u00e1rio Estadual da Ind\u00fastria, Com\u00e9rcio e Minera\u00e7\u00e3o, James Correia, discutir\u00e1 com lideran\u00e7as de toda a regi\u00e3o, as provid\u00eancias adotadas pelo governo para tentar sanar a crise\u00a0no setor cal\u00e7adista da Bahia, mais particularmente\u00a0da Vulcabr\u00e1s\/Azal\u00e9ia, sediada em Itapetinga.<\/p>\n<p>Deputados e prefeitos de toda a regi\u00e3o foram convidados,\u00a0com destaque para o deputado\u00a0federal Daniel Almeida (PCdoB), cuja atua\u00e7\u00e3o foi decisiva para alertar as autoridades federais sobre a gravidade da crise e a necessidade de se encontrar uma solu\u00e7\u00e3o para san\u00e1-la.<\/p>\n<p>&#8216;Ponguistas&#8217; e &#8216;caroneiros&#8217; de plant\u00e3o j\u00e1 ensaiam os seus discursos, para se apresentarem como verdadeiros &#8216;salvadores da p\u00e1tria&#8217;, depois que o governo conseguiu, junto o BNB,\u00a0um empr\u00e9stimo de quase 64\u00a0 milh\u00f5es de reais para a Azal\u00e9ia, na tentativa de espantar a crise. Decerto que n\u00e3o faltar\u00e1 puxas-sacos na plat\u00e9ia, para aplaud\u00ed-los.<\/p>\n<p><em><strong>Por\u00a0DAVI FERRAZ<\/strong><\/em><\/p>\n","protected":false},"excerpt":{"rendered":"<p>\u00a0 ITAPETINGA: Em reuni\u00e3o marcada para esta segunda-feira, no plen\u00e1rio da c\u00e2mara de vereadores de Itapetinga, o Secret\u00e1rio Estadual da Ind\u00fastria, Com\u00e9rcio e Minera\u00e7\u00e3o, James Correia, discutir\u00e1 com lideran\u00e7as de toda a regi\u00e3o, as provid\u00eancias adotadas pelo governo para tentar sanar a crise\u00a0no setor cal\u00e7adista da Bahia, mais particularmente\u00a0da Vulcabr\u00e1s\/Azal\u00e9ia, sediada em Itapetinga. Deputados e [&hellip;]<\/p>\n","protected":false},"author":2,"featured_media":0,"comment_status":"open","ping_status":"open","sticky":false,"template":"","format":"standard","meta":{"footnotes":"","_links_to":"","_links_to_target":""},"categories":[1],"tags":[],"class_list":["post-6785","post","type-post","status-publish","format-standard","hentry","category-geral"],"views":1284,"_links":{"self":[{"href":"https:\/\/www.sudoestehoje.com.br\/novoportal\/wp-json\/wp\/v2\/posts\/6785","targetHints":{"allow":["GET"]}}],"collection":[{"href":"https:\/\/www.sudoestehoje.com.br\/novoportal\/wp-json\/wp\/v2\/posts"}],"about":[{"href":"https:\/\/www.sudoestehoje.com.br\/novoportal\/wp-json\/wp\/v2\/types\/post"}],"author":[{"embeddable":true,"href":"https:\/\/www.sudoestehoje.com.br\/novoportal\/wp-json\/wp\/v2\/users\/2"}],"replies":[{"embeddable":true,"href":"https:\/\/www.sudoestehoje.com.br\/novoportal\/wp-json\/wp\/v2\/comments?post=6785"}],"version-history":[{"count":9,"href":"https:\/\/www.sudoestehoje.com.br\/novoportal\/wp-json\/wp\/v2\/posts\/6785\/revisions"}],"predecessor-version":[{"id":6805,"href":"https:\/\/www.sudoestehoje.com.br\/novoportal\/wp-json\/wp\/v2\/posts\/6785\/revisions\/6805"}],"wp:attachment":[{"href":"https:\/\/www.sudoestehoje.com.br\/novoportal\/wp-json\/wp\/v2\/media?parent=6785"}],"wp:term":[{"taxonomy":"category","embeddable":true,"href":"https:\/\/www.sudoestehoje.com.br\/novoportal\/wp-json\/wp\/v2\/categories?post=6785"},{"taxonomy":"post_tag","embeddable":true,"href":"https:\/\/www.sudoestehoje.com.br\/novoportal\/wp-json\/wp\/v2\/tags?post=6785"}],"curies":[{"name":"wp","href":"https:\/\/api.w.org\/{rel}","templated":true}]}}