
{"id":67842,"date":"2017-09-19T21:15:10","date_gmt":"2017-09-20T00:15:10","guid":{"rendered":"http:\/\/www.sudoestehoje.com.br\/novoportal\/?p=67842"},"modified":"2017-09-19T21:15:10","modified_gmt":"2017-09-20T00:15:10","slug":"gleisi-esnoba-pretensa-candidatura-de-wagner-pra-que-pra-perder","status":"publish","type":"post","link":"https:\/\/www.sudoestehoje.com.br\/novoportal\/2017\/09\/19\/gleisi-esnoba-pretensa-candidatura-de-wagner-pra-que-pra-perder\/","title":{"rendered":"GLEISI ESNOBA PRETENSA CANDIDATURA DE WAGNER: &#8220;PRA QUE? PRA PERDER?&#8221;"},"content":{"rendered":"<p><a href=\"http:\/\/www.sudoestehoje.com.br\/novoportal\/wp-content\/uploads\/2017\/09\/jaqueswagner.jpg\"><img loading=\"lazy\" decoding=\"async\" class=\"aligncenter size-medium wp-image-67843\" src=\"http:\/\/www.sudoestehoje.com.br\/novoportal\/wp-content\/uploads\/2017\/09\/jaqueswagner-500x306.jpg\" alt=\"\" width=\"500\" height=\"306\" srcset=\"https:\/\/www.sudoestehoje.com.br\/novoportal\/wp-content\/uploads\/2017\/09\/jaqueswagner-500x306.jpg 500w, https:\/\/www.sudoestehoje.com.br\/novoportal\/wp-content\/uploads\/2017\/09\/jaqueswagner-768x470.jpg 768w, https:\/\/www.sudoestehoje.com.br\/novoportal\/wp-content\/uploads\/2017\/09\/jaqueswagner-700x428.jpg 700w, https:\/\/www.sudoestehoje.com.br\/novoportal\/wp-content\/uploads\/2017\/09\/jaqueswagner.jpg 988w\" sizes=\"auto, (max-width: 500px) 100vw, 500px\" \/><\/a><\/p>\n<p>Gleisi Hoffmann n\u00e3o parece ter gostado da ideia de Jaques Wagner (PT) disputar a Presid\u00eancia da Rep\u00fablica no lugar do ex-presidente Lula (PT), que pode ser impedido de disputar novamente a Presid\u00eancia pela Justi\u00e7a. Em entrevista \u00e0 BBC Brasil, Gleisi n\u00e3o mostrou confian\u00e7a em Wagner.<\/p>\n<p>\u201cN\u00e3o temos plano B. Plano B para qu\u00ea? Haddad? Jaques Wagner? Plano B \u00e9 para perder a elei\u00e7\u00e3o? Nosso nome competitivo \u00e9 o Lula e \u00e9 com ele que vamos para a elei\u00e7\u00e3o\u201d, afirmou, citando tamb\u00e9m o ex-prefeito de S\u00e3o Paulo, Fernando Haddad. As informa\u00e7\u00f5es s\u00e3o do site O Antagonista.<\/p>\n","protected":false},"excerpt":{"rendered":"<p>Gleisi Hoffmann n\u00e3o parece ter gostado da ideia de Jaques Wagner (PT) disputar a Presid\u00eancia da Rep\u00fablica no lugar do ex-presidente Lula (PT), que pode ser impedido de disputar novamente a Presid\u00eancia pela Justi\u00e7a. Em entrevista \u00e0 BBC Brasil, Gleisi n\u00e3o mostrou confian\u00e7a em Wagner. \u201cN\u00e3o temos plano B. Plano B para qu\u00ea? Haddad? Jaques [&hellip;]<\/p>\n","protected":false},"author":2,"featured_media":67843,"comment_status":"open","ping_status":"open","sticky":false,"template":"","format":"standard","meta":{"footnotes":"","_links_to":"","_links_to_target":""},"categories":[1],"tags":[],"class_list":["post-67842","post","type-post","status-publish","format-standard","has-post-thumbnail","hentry","category-geral"],"views":1194,"_links":{"self":[{"href":"https:\/\/www.sudoestehoje.com.br\/novoportal\/wp-json\/wp\/v2\/posts\/67842","targetHints":{"allow":["GET"]}}],"collection":[{"href":"https:\/\/www.sudoestehoje.com.br\/novoportal\/wp-json\/wp\/v2\/posts"}],"about":[{"href":"https:\/\/www.sudoestehoje.com.br\/novoportal\/wp-json\/wp\/v2\/types\/post"}],"author":[{"embeddable":true,"href":"https:\/\/www.sudoestehoje.com.br\/novoportal\/wp-json\/wp\/v2\/users\/2"}],"replies":[{"embeddable":true,"href":"https:\/\/www.sudoestehoje.com.br\/novoportal\/wp-json\/wp\/v2\/comments?post=67842"}],"version-history":[{"count":3,"href":"https:\/\/www.sudoestehoje.com.br\/novoportal\/wp-json\/wp\/v2\/posts\/67842\/revisions"}],"predecessor-version":[{"id":67846,"href":"https:\/\/www.sudoestehoje.com.br\/novoportal\/wp-json\/wp\/v2\/posts\/67842\/revisions\/67846"}],"wp:featuredmedia":[{"embeddable":true,"href":"https:\/\/www.sudoestehoje.com.br\/novoportal\/wp-json\/wp\/v2\/media\/67843"}],"wp:attachment":[{"href":"https:\/\/www.sudoestehoje.com.br\/novoportal\/wp-json\/wp\/v2\/media?parent=67842"}],"wp:term":[{"taxonomy":"category","embeddable":true,"href":"https:\/\/www.sudoestehoje.com.br\/novoportal\/wp-json\/wp\/v2\/categories?post=67842"},{"taxonomy":"post_tag","embeddable":true,"href":"https:\/\/www.sudoestehoje.com.br\/novoportal\/wp-json\/wp\/v2\/tags?post=67842"}],"curies":[{"name":"wp","href":"https:\/\/api.w.org\/{rel}","templated":true}]}}