
{"id":67835,"date":"2017-09-19T20:37:22","date_gmt":"2017-09-19T23:37:22","guid":{"rendered":"http:\/\/www.sudoestehoje.com.br\/novoportal\/?p=67835"},"modified":"2017-09-19T20:47:23","modified_gmt":"2017-09-19T23:47:23","slug":"lula-vira-reu-por-venda-de-medida-provisoria-a-montadoras-de-veiculo","status":"publish","type":"post","link":"https:\/\/www.sudoestehoje.com.br\/novoportal\/2017\/09\/19\/lula-vira-reu-por-venda-de-medida-provisoria-a-montadoras-de-veiculo\/","title":{"rendered":"LULA VIRA R\u00c9U ACUSADO DE VENDER MEDIDA PROVIS\u00d3RIA A MONTADORAS DE VE\u00cdCULO"},"content":{"rendered":"<p><a href=\"http:\/\/www.sudoestehoje.com.br\/novoportal\/wp-content\/uploads\/2017\/09\/lula-depoimento-curitiba-20170913-0022.jpg\"><img loading=\"lazy\" decoding=\"async\" class=\"aligncenter size-medium wp-image-67836\" src=\"http:\/\/www.sudoestehoje.com.br\/novoportal\/wp-content\/uploads\/2017\/09\/lula-depoimento-curitiba-20170913-0022-500x333.jpg\" alt=\"\" width=\"500\" height=\"333\" srcset=\"https:\/\/www.sudoestehoje.com.br\/novoportal\/wp-content\/uploads\/2017\/09\/lula-depoimento-curitiba-20170913-0022-500x333.jpg 500w, https:\/\/www.sudoestehoje.com.br\/novoportal\/wp-content\/uploads\/2017\/09\/lula-depoimento-curitiba-20170913-0022-768x511.jpg 768w, https:\/\/www.sudoestehoje.com.br\/novoportal\/wp-content\/uploads\/2017\/09\/lula-depoimento-curitiba-20170913-0022-700x466.jpg 700w, https:\/\/www.sudoestehoje.com.br\/novoportal\/wp-content\/uploads\/2017\/09\/lula-depoimento-curitiba-20170913-0022.jpg 1000w\" sizes=\"auto, (max-width: 500px) 100vw, 500px\" \/><\/a><\/p>\n<p>O juiz federal\u00a0Vallisney de Souza Oliveira, da 10\u00aa Vara Federal do Distrito Federal, aceitou nesta ter\u00e7a-feira den\u00fancia do\u00a0Minist\u00e9rio P\u00fablico Federal (MPF)\u00a0e colocou o ex-presidente\u00a0Luiz In\u00e1cio Lula da Silva\u00a0pela s\u00e9tima vez no banco dos r\u00e9us. O petista vai responder pelo crime de corrup\u00e7\u00e3o passiva por, supostamente, ter participado da \u201cvenda\u201d da Medida Provis\u00f3ria (MP) 471, de 2009, que prorrogou os incentivos fiscais para montadoras instalavas nas regi\u00f5es Norte, Nordeste e Centro-Oeste. O caso \u00e9 investigado na\u00a0Opera\u00e7\u00e3o Zelotes.<\/p>\n<p>A den\u00fancia recebida por Vallisney \u00e9 assinada pelos procuradores Frederico Paiva e Hebert Mesquita e, al\u00e9m de Lula, acusa o ex-ministro\u00a0Gilberto Carvalho,\u00a0os lobistas Mauro Marcondes e Alexandre Paes dos Santos, o APS, o ex-conselheiro do Carf Jos\u00e9 Ricardo da Silva e os executivos Carlos Alberto de Oliveira Andrade e Paulo Arantes Ferraz em\u00a0suposta corrup\u00e7\u00e3o na aprova\u00e7\u00e3o da medida provis\u00f3ria, editada no segundo mandato do ex-presidente e transformada em lei em 2010. \u00a0<strong><em>Confira mat\u00e9ria completa: &gt;&gt;&gt;&gt;<\/em><\/strong><\/p>\n<p>http:\/\/veja.abril.com.br\/politica\/lula-vira-reu-por-venda-de-mp-a-montadoras-de-veiculos\/<\/p>\n","protected":false},"excerpt":{"rendered":"<p>O juiz federal\u00a0Vallisney de Souza Oliveira, da 10\u00aa Vara Federal do Distrito Federal, aceitou nesta ter\u00e7a-feira den\u00fancia do\u00a0Minist\u00e9rio P\u00fablico Federal (MPF)\u00a0e colocou o ex-presidente\u00a0Luiz In\u00e1cio Lula da Silva\u00a0pela s\u00e9tima vez no banco dos r\u00e9us. O petista vai responder pelo crime de corrup\u00e7\u00e3o passiva por, supostamente, ter participado da \u201cvenda\u201d da Medida Provis\u00f3ria (MP) 471, de [&hellip;]<\/p>\n","protected":false},"author":2,"featured_media":67836,"comment_status":"open","ping_status":"open","sticky":false,"template":"","format":"standard","meta":{"footnotes":"","_links_to":"","_links_to_target":""},"categories":[1],"tags":[],"class_list":["post-67835","post","type-post","status-publish","format-standard","has-post-thumbnail","hentry","category-geral"],"views":1109,"_links":{"self":[{"href":"https:\/\/www.sudoestehoje.com.br\/novoportal\/wp-json\/wp\/v2\/posts\/67835","targetHints":{"allow":["GET"]}}],"collection":[{"href":"https:\/\/www.sudoestehoje.com.br\/novoportal\/wp-json\/wp\/v2\/posts"}],"about":[{"href":"https:\/\/www.sudoestehoje.com.br\/novoportal\/wp-json\/wp\/v2\/types\/post"}],"author":[{"embeddable":true,"href":"https:\/\/www.sudoestehoje.com.br\/novoportal\/wp-json\/wp\/v2\/users\/2"}],"replies":[{"embeddable":true,"href":"https:\/\/www.sudoestehoje.com.br\/novoportal\/wp-json\/wp\/v2\/comments?post=67835"}],"version-history":[{"count":5,"href":"https:\/\/www.sudoestehoje.com.br\/novoportal\/wp-json\/wp\/v2\/posts\/67835\/revisions"}],"predecessor-version":[{"id":67841,"href":"https:\/\/www.sudoestehoje.com.br\/novoportal\/wp-json\/wp\/v2\/posts\/67835\/revisions\/67841"}],"wp:featuredmedia":[{"embeddable":true,"href":"https:\/\/www.sudoestehoje.com.br\/novoportal\/wp-json\/wp\/v2\/media\/67836"}],"wp:attachment":[{"href":"https:\/\/www.sudoestehoje.com.br\/novoportal\/wp-json\/wp\/v2\/media?parent=67835"}],"wp:term":[{"taxonomy":"category","embeddable":true,"href":"https:\/\/www.sudoestehoje.com.br\/novoportal\/wp-json\/wp\/v2\/categories?post=67835"},{"taxonomy":"post_tag","embeddable":true,"href":"https:\/\/www.sudoestehoje.com.br\/novoportal\/wp-json\/wp\/v2\/tags?post=67835"}],"curies":[{"name":"wp","href":"https:\/\/api.w.org\/{rel}","templated":true}]}}