
{"id":67828,"date":"2017-09-19T17:53:20","date_gmt":"2017-09-19T20:53:20","guid":{"rendered":"http:\/\/www.sudoestehoje.com.br\/novoportal\/?p=67828"},"modified":"2017-09-19T17:54:30","modified_gmt":"2017-09-19T20:54:30","slug":"de-volta-a-camara-lucio-diz-que-geddel-vai-se-defender-nos-autos","status":"publish","type":"post","link":"https:\/\/www.sudoestehoje.com.br\/novoportal\/2017\/09\/19\/de-volta-a-camara-lucio-diz-que-geddel-vai-se-defender-nos-autos\/","title":{"rendered":"L\u00daCIO VOLTA \u00c0 C\u00c2MARA E DIZ QUE &#8220;GEDDEL VAI SE DEFENDER NOS AUTOS&#8221;"},"content":{"rendered":"<p><a href=\"http:\/\/www.sudoestehoje.com.br\/novoportal\/wp-content\/uploads\/2017\/09\/LUCIO.jpeg\"><img loading=\"lazy\" decoding=\"async\" class=\"aligncenter size-medium wp-image-67829\" src=\"http:\/\/www.sudoestehoje.com.br\/novoportal\/wp-content\/uploads\/2017\/09\/LUCIO-500x333.jpeg\" alt=\"\" width=\"500\" height=\"333\" srcset=\"https:\/\/www.sudoestehoje.com.br\/novoportal\/wp-content\/uploads\/2017\/09\/LUCIO-500x333.jpeg 500w, https:\/\/www.sudoestehoje.com.br\/novoportal\/wp-content\/uploads\/2017\/09\/LUCIO-768x511.jpeg 768w, https:\/\/www.sudoestehoje.com.br\/novoportal\/wp-content\/uploads\/2017\/09\/LUCIO-700x466.jpeg 700w, https:\/\/www.sudoestehoje.com.br\/novoportal\/wp-content\/uploads\/2017\/09\/LUCIO.jpeg 1000w\" sizes=\"auto, (max-width: 500px) 100vw, 500px\" \/><\/a><\/p>\n<p>Em sua primeira apari\u00e7\u00e3o em Bras\u00edlia ap\u00f3s a \u00faltima pris\u00e3o do ex-ministro Geddel Vieira Lima (PMDB), o deputado federal L\u00facio Vieira Lima (PMDB) afirmou que seu irm\u00e3o vai se defender nos autos e se recusou a comentar uma poss\u00edvel dela\u00e7\u00e3o do peemedebista ou responder perguntas referentes \u00e0 pris\u00e3o.<\/p>\n<p>\u201cSempre defendi que todo cidad\u00e3o brasileiro, quando sofre uma acusa\u00e7\u00e3o, deve ter o benef\u00edcio da d\u00favida e o amplo direito de defesa. E \u00e9 isso que espero do Judici\u00e1rio brasileiro: que d\u00ea a ele o amplo direito de defesa, que ser\u00e1 manifestado nos autos\u201d, disse o parlamentar \u00e0 jornalista Andr\u00e9ia Sadi.<\/p>\n<p>L\u00facio negou ainda que tenha conversado com o presidente Michel Temer (PMDB) ap\u00f3s a pris\u00e3o de Geddel e disse que n\u00e3o foi visitar o ex-ministro na Papuda. O deputado afirmou que vai retomar sua participa\u00e7\u00e3o no debate sobre a reforma pol\u00edtica na C\u00e2mara.<\/p>\n<p>Geddel foi preso ap\u00f3s a Pol\u00edcia Federal apreender R$ 51 milh\u00f5es em um apartamento em Salvador.<\/p>\n","protected":false},"excerpt":{"rendered":"<p>Em sua primeira apari\u00e7\u00e3o em Bras\u00edlia ap\u00f3s a \u00faltima pris\u00e3o do ex-ministro Geddel Vieira Lima (PMDB), o deputado federal L\u00facio Vieira Lima (PMDB) afirmou que seu irm\u00e3o vai se defender nos autos e se recusou a comentar uma poss\u00edvel dela\u00e7\u00e3o do peemedebista ou responder perguntas referentes \u00e0 pris\u00e3o. \u201cSempre defendi que todo cidad\u00e3o brasileiro, quando [&hellip;]<\/p>\n","protected":false},"author":2,"featured_media":67829,"comment_status":"open","ping_status":"open","sticky":false,"template":"","format":"standard","meta":{"footnotes":"","_links_to":"","_links_to_target":""},"categories":[1],"tags":[],"class_list":["post-67828","post","type-post","status-publish","format-standard","has-post-thumbnail","hentry","category-geral"],"views":1248,"_links":{"self":[{"href":"https:\/\/www.sudoestehoje.com.br\/novoportal\/wp-json\/wp\/v2\/posts\/67828","targetHints":{"allow":["GET"]}}],"collection":[{"href":"https:\/\/www.sudoestehoje.com.br\/novoportal\/wp-json\/wp\/v2\/posts"}],"about":[{"href":"https:\/\/www.sudoestehoje.com.br\/novoportal\/wp-json\/wp\/v2\/types\/post"}],"author":[{"embeddable":true,"href":"https:\/\/www.sudoestehoje.com.br\/novoportal\/wp-json\/wp\/v2\/users\/2"}],"replies":[{"embeddable":true,"href":"https:\/\/www.sudoestehoje.com.br\/novoportal\/wp-json\/wp\/v2\/comments?post=67828"}],"version-history":[{"count":2,"href":"https:\/\/www.sudoestehoje.com.br\/novoportal\/wp-json\/wp\/v2\/posts\/67828\/revisions"}],"predecessor-version":[{"id":67831,"href":"https:\/\/www.sudoestehoje.com.br\/novoportal\/wp-json\/wp\/v2\/posts\/67828\/revisions\/67831"}],"wp:featuredmedia":[{"embeddable":true,"href":"https:\/\/www.sudoestehoje.com.br\/novoportal\/wp-json\/wp\/v2\/media\/67829"}],"wp:attachment":[{"href":"https:\/\/www.sudoestehoje.com.br\/novoportal\/wp-json\/wp\/v2\/media?parent=67828"}],"wp:term":[{"taxonomy":"category","embeddable":true,"href":"https:\/\/www.sudoestehoje.com.br\/novoportal\/wp-json\/wp\/v2\/categories?post=67828"},{"taxonomy":"post_tag","embeddable":true,"href":"https:\/\/www.sudoestehoje.com.br\/novoportal\/wp-json\/wp\/v2\/tags?post=67828"}],"curies":[{"name":"wp","href":"https:\/\/api.w.org\/{rel}","templated":true}]}}