
{"id":67821,"date":"2017-09-19T08:51:37","date_gmt":"2017-09-19T11:51:37","guid":{"rendered":"http:\/\/www.sudoestehoje.com.br\/novoportal\/?p=67821"},"modified":"2017-09-19T09:08:27","modified_gmt":"2017-09-19T12:08:27","slug":"luto-morre-a-itapetinguense-zelia-sobral","status":"publish","type":"post","link":"https:\/\/www.sudoestehoje.com.br\/novoportal\/2017\/09\/19\/luto-morre-a-itapetinguense-zelia-sobral\/","title":{"rendered":"LUTO: MORRE A ITAPETINGUENSE Z\u00c9LIA SOBRAL"},"content":{"rendered":"<p><a href=\"http:\/\/www.sudoestehoje.com.br\/novoportal\/wp-content\/uploads\/2017\/09\/zelia-sobral.jpg\"><img loading=\"lazy\" decoding=\"async\" class=\"aligncenter size-medium wp-image-67822\" src=\"http:\/\/www.sudoestehoje.com.br\/novoportal\/wp-content\/uploads\/2017\/09\/zelia-sobral-500x310.jpg\" alt=\"\" width=\"500\" height=\"310\" \/><\/a><\/p>\n<p>\u00c9 com muito pesar que T\u00e2nia e Diana comunicam o falecimento de sua m\u00e3e Maria Z\u00e9lia Alves Sobral Bentes, ocorrido nesta ter\u00e7a-feira (19) em Vit\u00f3ria da Conquista, em decorr\u00eancia de c\u00e2ncer da ves\u00edcula biliar.<\/p>\n<p>Servidora Federal, D. Z\u00e9lia Sobral trabalhou na Ag\u00eancia da Previd\u00eancia Social em Itapetinga por mais de 30 anos, quando se aposentou. Era vi\u00fava de Flitz Torres Sobral Bentes e m\u00e3e do saudoso advogado Flitz Junior, moradores de Itapetinga por muitos anos.<\/p>\n<p>O vel\u00f3rio acontecer\u00e1 a partir das 9h no sal\u00e3o nobre da Pax Nacional, e o enterro ser\u00e1 \u00e0s 17h no Cemit\u00e9rio da Saudade em Vit\u00f3ria da Conquista.<\/p>\n<p>O Sudoeste Hoje manifesta as suas condol\u00eancias \u00e0 fam\u00edlia enlutada.<\/p>\n<p><em><strong>Davi Ferraz &#8211; Editor<\/strong><\/em><\/p>\n","protected":false},"excerpt":{"rendered":"<p>\u00c9 com muito pesar que T\u00e2nia e Diana comunicam o falecimento de sua m\u00e3e Maria Z\u00e9lia Alves Sobral Bentes, ocorrido nesta ter\u00e7a-feira (19) em Vit\u00f3ria da Conquista, em decorr\u00eancia de c\u00e2ncer da ves\u00edcula biliar. Servidora Federal, D. Z\u00e9lia Sobral trabalhou na Ag\u00eancia da Previd\u00eancia Social em Itapetinga por mais de 30 anos, quando se aposentou. [&hellip;]<\/p>\n","protected":false},"author":2,"featured_media":67822,"comment_status":"open","ping_status":"open","sticky":false,"template":"","format":"standard","meta":{"footnotes":"","_links_to":"","_links_to_target":""},"categories":[1],"tags":[],"class_list":["post-67821","post","type-post","status-publish","format-standard","has-post-thumbnail","hentry","category-geral"],"views":3957,"_links":{"self":[{"href":"https:\/\/www.sudoestehoje.com.br\/novoportal\/wp-json\/wp\/v2\/posts\/67821","targetHints":{"allow":["GET"]}}],"collection":[{"href":"https:\/\/www.sudoestehoje.com.br\/novoportal\/wp-json\/wp\/v2\/posts"}],"about":[{"href":"https:\/\/www.sudoestehoje.com.br\/novoportal\/wp-json\/wp\/v2\/types\/post"}],"author":[{"embeddable":true,"href":"https:\/\/www.sudoestehoje.com.br\/novoportal\/wp-json\/wp\/v2\/users\/2"}],"replies":[{"embeddable":true,"href":"https:\/\/www.sudoestehoje.com.br\/novoportal\/wp-json\/wp\/v2\/comments?post=67821"}],"version-history":[{"count":5,"href":"https:\/\/www.sudoestehoje.com.br\/novoportal\/wp-json\/wp\/v2\/posts\/67821\/revisions"}],"predecessor-version":[{"id":67827,"href":"https:\/\/www.sudoestehoje.com.br\/novoportal\/wp-json\/wp\/v2\/posts\/67821\/revisions\/67827"}],"wp:featuredmedia":[{"embeddable":true,"href":"https:\/\/www.sudoestehoje.com.br\/novoportal\/wp-json\/wp\/v2\/media\/67822"}],"wp:attachment":[{"href":"https:\/\/www.sudoestehoje.com.br\/novoportal\/wp-json\/wp\/v2\/media?parent=67821"}],"wp:term":[{"taxonomy":"category","embeddable":true,"href":"https:\/\/www.sudoestehoje.com.br\/novoportal\/wp-json\/wp\/v2\/categories?post=67821"},{"taxonomy":"post_tag","embeddable":true,"href":"https:\/\/www.sudoestehoje.com.br\/novoportal\/wp-json\/wp\/v2\/tags?post=67821"}],"curies":[{"name":"wp","href":"https:\/\/api.w.org\/{rel}","templated":true}]}}