
{"id":67793,"date":"2017-09-17T09:00:43","date_gmt":"2017-09-17T12:00:43","guid":{"rendered":"http:\/\/www.sudoestehoje.com.br\/novoportal\/?p=67793"},"modified":"2017-09-17T19:18:03","modified_gmt":"2017-09-17T22:18:03","slug":"programa-bahia-rural-mostra-caso-raro-da-vaca-de-pocoes-que-teve-bezerros-trigemeos","status":"publish","type":"post","link":"https:\/\/www.sudoestehoje.com.br\/novoportal\/2017\/09\/17\/programa-bahia-rural-mostra-caso-raro-da-vaca-de-pocoes-que-teve-bezerros-trigemeos\/","title":{"rendered":"PROGRAMA BAHIA RURAL MOSTRA CASO RARO DA VACA DE PO\u00c7\u00d5ES QUE TEVE BEZERROS TRIG\u00caMEOS"},"content":{"rendered":"<div class=\"mc-column content-text active-extra-styles active-capital-letter\" data-block-type=\"unstyled\" data-block-weight=\"28\">\n<p class=\"content-text__container theme-color-primary-first-letter\" data-track-category=\"Link no Texto\" data-track-links=\"\"><a href=\"http:\/\/www.sudoestehoje.com.br\/novoportal\/wp-content\/uploads\/2017\/09\/bezerro1.jpg\"><img loading=\"lazy\" decoding=\"async\" class=\"aligncenter size-medium wp-image-67795\" src=\"http:\/\/www.sudoestehoje.com.br\/novoportal\/wp-content\/uploads\/2017\/09\/bezerro1-500x313.jpg\" alt=\"\" width=\"500\" height=\"313\" srcset=\"https:\/\/www.sudoestehoje.com.br\/novoportal\/wp-content\/uploads\/2017\/09\/bezerro1-500x313.jpg 500w, https:\/\/www.sudoestehoje.com.br\/novoportal\/wp-content\/uploads\/2017\/09\/bezerro1.jpg 640w\" sizes=\"auto, (max-width: 500px) 100vw, 500px\" \/><\/a><\/p>\n<p class=\"content-text__container theme-color-primary-first-letter\" data-track-category=\"Link no Texto\" data-track-links=\"\">Na manh\u00e3 deste domingo (17), o programa Bahia Rural, da Rede Bahia (Globo), exibiu uma interessante reportagem sobre a vaquinha de Po\u00e7\u00f5es, no Sudoeste da Bahia, que pariu bezerros trig\u00eameos, uma situa\u00e7\u00e3o rara, que ocorre a cada 100 mil gesta\u00e7\u00f5es de bovinos.<\/p>\n<\/div>\n<div class=\"mc-column content-text active-extra-styles \" data-block-type=\"unstyled\" data-block-weight=\"30\">\n<p class=\"content-text__container \" data-track-category=\"Link no Texto\" data-track-links=\"\">O caso ocorreu na Fazenda Boa Sorte, que conta com 13 vacas no rebanho. Entretanto, foi o animal que tem o nome de Jabuti que foi respons\u00e1vel pela rara gesta\u00e7\u00e3o.<\/p>\n<\/div>\n<div class=\"mc-column content-text active-extra-styles \" data-block-type=\"unstyled\" data-block-weight=\"30\">\n<p class=\"content-text__container \" data-track-category=\"Link no Texto\" data-track-links=\"\">Aos 66 anos, Adem\u00e1rio Pires, que h\u00e1 mais de 30 trabalha como vaqueiro, nunca viu uma situa\u00e7\u00e3o semelhante. &#8220;A primeira vez eu vim ver foi essa semana agora que passou&#8221;.<\/p>\n<\/div>\n<div class=\"mc-column content-text active-extra-styles \" data-block-type=\"unstyled\" data-block-weight=\"26\">\n<p class=\"content-text__container \" data-track-category=\"Link no Texto\" data-track-links=\"\">Essa \u00e9 a segunda vez que a vaca Jabuti d\u00e1 \u00e0 luz. Na primeira gest\u00e3\u00e7\u00e3o, tudo ocorreu dentro da normalidade, com o nascimento de um bezerro. <a href=\"https:\/\/g1.globo.com\/bahia\/noticia\/vaca-da-a-luz-tres-bezerros-na-bahia-caso-raro-ocorre-a-cada-100-mil-gestacoes-de-bovino.ghtml\">\u00a0<span style=\"color: #0000ff;\"><strong>CONFIRA MAT\u00c9RIA E VIDEO NO G1<\/strong><\/span><\/a><\/p>\n<\/div>\n<div class=\"mc-column content-media content-media--normal content-photo\" data-block-type=\"backstage-photo\"><\/div>\n","protected":false},"excerpt":{"rendered":"<p>Na manh\u00e3 deste domingo (17), o programa Bahia Rural, da Rede Bahia (Globo), exibiu uma interessante reportagem sobre a vaquinha de Po\u00e7\u00f5es, no Sudoeste da Bahia, que pariu bezerros trig\u00eameos, uma situa\u00e7\u00e3o rara, que ocorre a cada 100 mil gesta\u00e7\u00f5es de bovinos. O caso ocorreu na Fazenda Boa Sorte, que conta com 13 vacas no [&hellip;]<\/p>\n","protected":false},"author":2,"featured_media":67795,"comment_status":"open","ping_status":"open","sticky":false,"template":"","format":"standard","meta":{"footnotes":"","_links_to":"","_links_to_target":""},"categories":[1],"tags":[],"class_list":["post-67793","post","type-post","status-publish","format-standard","has-post-thumbnail","hentry","category-geral"],"views":3114,"_links":{"self":[{"href":"https:\/\/www.sudoestehoje.com.br\/novoportal\/wp-json\/wp\/v2\/posts\/67793","targetHints":{"allow":["GET"]}}],"collection":[{"href":"https:\/\/www.sudoestehoje.com.br\/novoportal\/wp-json\/wp\/v2\/posts"}],"about":[{"href":"https:\/\/www.sudoestehoje.com.br\/novoportal\/wp-json\/wp\/v2\/types\/post"}],"author":[{"embeddable":true,"href":"https:\/\/www.sudoestehoje.com.br\/novoportal\/wp-json\/wp\/v2\/users\/2"}],"replies":[{"embeddable":true,"href":"https:\/\/www.sudoestehoje.com.br\/novoportal\/wp-json\/wp\/v2\/comments?post=67793"}],"version-history":[{"count":2,"href":"https:\/\/www.sudoestehoje.com.br\/novoportal\/wp-json\/wp\/v2\/posts\/67793\/revisions"}],"predecessor-version":[{"id":67796,"href":"https:\/\/www.sudoestehoje.com.br\/novoportal\/wp-json\/wp\/v2\/posts\/67793\/revisions\/67796"}],"wp:featuredmedia":[{"embeddable":true,"href":"https:\/\/www.sudoestehoje.com.br\/novoportal\/wp-json\/wp\/v2\/media\/67795"}],"wp:attachment":[{"href":"https:\/\/www.sudoestehoje.com.br\/novoportal\/wp-json\/wp\/v2\/media?parent=67793"}],"wp:term":[{"taxonomy":"category","embeddable":true,"href":"https:\/\/www.sudoestehoje.com.br\/novoportal\/wp-json\/wp\/v2\/categories?post=67793"},{"taxonomy":"post_tag","embeddable":true,"href":"https:\/\/www.sudoestehoje.com.br\/novoportal\/wp-json\/wp\/v2\/tags?post=67793"}],"curies":[{"name":"wp","href":"https:\/\/api.w.org\/{rel}","templated":true}]}}