
{"id":67789,"date":"2017-09-16T21:19:17","date_gmt":"2017-09-17T00:19:17","guid":{"rendered":"http:\/\/www.sudoestehoje.com.br\/novoportal\/?p=67789"},"modified":"2017-09-16T21:19:17","modified_gmt":"2017-09-17T00:19:17","slug":"luto-morte-do-pequeno-daniel-comove-populacao-de-guanambi-e-regiao","status":"publish","type":"post","link":"https:\/\/www.sudoestehoje.com.br\/novoportal\/2017\/09\/16\/luto-morte-do-pequeno-daniel-comove-populacao-de-guanambi-e-regiao\/","title":{"rendered":"LUTO: MORTE DO PEQUENO DANIEL COMOVE POPULA\u00c7\u00c3O DE GUANAMBI E REGI\u00c3O"},"content":{"rendered":"<p><a href=\"http:\/\/www.sudoestehoje.com.br\/novoportal\/wp-content\/uploads\/2017\/09\/ANJO.jpg\"><img loading=\"lazy\" decoding=\"async\" class=\"aligncenter size-medium wp-image-67790\" src=\"http:\/\/www.sudoestehoje.com.br\/novoportal\/wp-content\/uploads\/2017\/09\/ANJO-500x302.jpg\" alt=\"\" width=\"500\" height=\"302\" srcset=\"https:\/\/www.sudoestehoje.com.br\/novoportal\/wp-content\/uploads\/2017\/09\/ANJO-500x302.jpg 500w, https:\/\/www.sudoestehoje.com.br\/novoportal\/wp-content\/uploads\/2017\/09\/ANJO.jpg 529w\" sizes=\"auto, (max-width: 500px) 100vw, 500px\" \/><\/a><\/p>\n<p>Morreu na madrugada deste S\u00e1bado (16), no Hospital Regional de Guanambi o pequeno Daniel Costa, filho de Patr\u00edcia Costa e do cantor Gospel K\u00e9u Costha.<\/p>\n<p>O pequeno Daniel foi um anjo especial que Deus colocou na vida do casal, ele estava internado na UTI do HRG (Hospital Regional de Guanambi) e faleceu na madrugada deste s\u00e1bado.<\/p>\n<p>Atrav\u00e9s das redes sociais os amigos, irm\u00e3os em cristo e familiares prestaram homenagem ao Anjo Daniel que agora foi morar com Deus.<\/p>\n<p>O sepultamento aconteceu na tarde deeste s\u00e1bado, no cemit\u00e9rio de Guanambi. A toda a fam\u00edlia, nossas condol\u00eancias. As informa\u00e7\u00f5es s\u00e3o do Radar Guanambi.<\/p>\n","protected":false},"excerpt":{"rendered":"<p>Morreu na madrugada deste S\u00e1bado (16), no Hospital Regional de Guanambi o pequeno Daniel Costa, filho de Patr\u00edcia Costa e do cantor Gospel K\u00e9u Costha. O pequeno Daniel foi um anjo especial que Deus colocou na vida do casal, ele estava internado na UTI do HRG (Hospital Regional de Guanambi) e faleceu na madrugada deste [&hellip;]<\/p>\n","protected":false},"author":2,"featured_media":67790,"comment_status":"open","ping_status":"open","sticky":false,"template":"","format":"standard","meta":{"footnotes":"","_links_to":"","_links_to_target":""},"categories":[1],"tags":[],"class_list":["post-67789","post","type-post","status-publish","format-standard","has-post-thumbnail","hentry","category-geral"],"views":44421,"_links":{"self":[{"href":"https:\/\/www.sudoestehoje.com.br\/novoportal\/wp-json\/wp\/v2\/posts\/67789","targetHints":{"allow":["GET"]}}],"collection":[{"href":"https:\/\/www.sudoestehoje.com.br\/novoportal\/wp-json\/wp\/v2\/posts"}],"about":[{"href":"https:\/\/www.sudoestehoje.com.br\/novoportal\/wp-json\/wp\/v2\/types\/post"}],"author":[{"embeddable":true,"href":"https:\/\/www.sudoestehoje.com.br\/novoportal\/wp-json\/wp\/v2\/users\/2"}],"replies":[{"embeddable":true,"href":"https:\/\/www.sudoestehoje.com.br\/novoportal\/wp-json\/wp\/v2\/comments?post=67789"}],"version-history":[{"count":2,"href":"https:\/\/www.sudoestehoje.com.br\/novoportal\/wp-json\/wp\/v2\/posts\/67789\/revisions"}],"predecessor-version":[{"id":67792,"href":"https:\/\/www.sudoestehoje.com.br\/novoportal\/wp-json\/wp\/v2\/posts\/67789\/revisions\/67792"}],"wp:featuredmedia":[{"embeddable":true,"href":"https:\/\/www.sudoestehoje.com.br\/novoportal\/wp-json\/wp\/v2\/media\/67790"}],"wp:attachment":[{"href":"https:\/\/www.sudoestehoje.com.br\/novoportal\/wp-json\/wp\/v2\/media?parent=67789"}],"wp:term":[{"taxonomy":"category","embeddable":true,"href":"https:\/\/www.sudoestehoje.com.br\/novoportal\/wp-json\/wp\/v2\/categories?post=67789"},{"taxonomy":"post_tag","embeddable":true,"href":"https:\/\/www.sudoestehoje.com.br\/novoportal\/wp-json\/wp\/v2\/tags?post=67789"}],"curies":[{"name":"wp","href":"https:\/\/api.w.org\/{rel}","templated":true}]}}