
{"id":67777,"date":"2017-09-15T19:56:20","date_gmt":"2017-09-15T22:56:20","guid":{"rendered":"http:\/\/www.sudoestehoje.com.br\/novoportal\/?p=67777"},"modified":"2017-09-15T19:56:20","modified_gmt":"2017-09-15T22:56:20","slug":"dem-deve-mudar-de-nome-ate-outubro","status":"publish","type":"post","link":"https:\/\/www.sudoestehoje.com.br\/novoportal\/2017\/09\/15\/dem-deve-mudar-de-nome-ate-outubro\/","title":{"rendered":"DEM DEVE MUDAR DE NOME AT\u00c9 OUTUBRO"},"content":{"rendered":"<p><a href=\"http:\/\/www.sudoestehoje.com.br\/novoportal\/wp-content\/uploads\/2017\/09\/NETO.jpg\"><img loading=\"lazy\" decoding=\"async\" class=\"aligncenter size-medium wp-image-67780\" src=\"http:\/\/www.sudoestehoje.com.br\/novoportal\/wp-content\/uploads\/2017\/09\/NETO-500x281.jpg\" alt=\"\" width=\"500\" height=\"281\" srcset=\"https:\/\/www.sudoestehoje.com.br\/novoportal\/wp-content\/uploads\/2017\/09\/NETO-500x281.jpg 500w, https:\/\/www.sudoestehoje.com.br\/novoportal\/wp-content\/uploads\/2017\/09\/NETO-768x431.jpg 768w, https:\/\/www.sudoestehoje.com.br\/novoportal\/wp-content\/uploads\/2017\/09\/NETO-700x393.jpg 700w, https:\/\/www.sudoestehoje.com.br\/novoportal\/wp-content\/uploads\/2017\/09\/NETO.jpg 890w\" sizes=\"auto, (max-width: 500px) 100vw, 500px\" \/><\/a><\/p>\n<p>O prefeito ACM Neto (DEM) disse, na manh\u00e3 desta sexta-feira (15), que at\u00e9 o in\u00edcio de outubro devem ser concretizadas as modifica\u00e7\u00f5es no partido, o que inclui a poss\u00edvel mudan\u00e7a de nome. O demista tamb\u00e9m reiterou que haver\u00e1 ingresso de parlamentares vindos do PSB e de outras siglas.<\/p>\n<p><em>\u201cV\u00e3o ter cerca de 15 novos deputados. Estamos discutindo qual vai ser o contorno dessas mudan\u00e7as. No come\u00e7o de outubro devemos convocar uma reuni\u00e3o com a executiva nacional Democratas para encaminhar todo esse conjunto de mudan\u00e7as\u201d<\/em>, declarou<b>\u00a0<\/b>Neto, acrescentando que o programa partid\u00e1rio e lideran\u00e7as tamb\u00e9m devem sofrer altera\u00e7\u00f5es.<\/p>\n<p><em>\u201cEu diria que s\u00e3o mudan\u00e7as que v\u00e3o passar por todo o programa partid\u00e1rio, pode haver algumas mudan\u00e7as relacionadas ao comando do partido em alguns cantos do Brasil. Vamos ganhar quadros novos nesse processo, o que imp\u00f5e a necessidade desses ajustes. E finalmente pode significar tamb\u00e9m uma mudan\u00e7a do nome\u201d<\/em>, assinalou.<\/p>\n","protected":false},"excerpt":{"rendered":"<p>O prefeito ACM Neto (DEM) disse, na manh\u00e3 desta sexta-feira (15), que at\u00e9 o in\u00edcio de outubro devem ser concretizadas as modifica\u00e7\u00f5es no partido, o que inclui a poss\u00edvel mudan\u00e7a de nome. O demista tamb\u00e9m reiterou que haver\u00e1 ingresso de parlamentares vindos do PSB e de outras siglas. \u201cV\u00e3o ter cerca de 15 novos deputados. [&hellip;]<\/p>\n","protected":false},"author":2,"featured_media":67780,"comment_status":"open","ping_status":"open","sticky":false,"template":"","format":"standard","meta":{"footnotes":"","_links_to":"","_links_to_target":""},"categories":[1],"tags":[],"class_list":["post-67777","post","type-post","status-publish","format-standard","has-post-thumbnail","hentry","category-geral"],"views":1260,"_links":{"self":[{"href":"https:\/\/www.sudoestehoje.com.br\/novoportal\/wp-json\/wp\/v2\/posts\/67777","targetHints":{"allow":["GET"]}}],"collection":[{"href":"https:\/\/www.sudoestehoje.com.br\/novoportal\/wp-json\/wp\/v2\/posts"}],"about":[{"href":"https:\/\/www.sudoestehoje.com.br\/novoportal\/wp-json\/wp\/v2\/types\/post"}],"author":[{"embeddable":true,"href":"https:\/\/www.sudoestehoje.com.br\/novoportal\/wp-json\/wp\/v2\/users\/2"}],"replies":[{"embeddable":true,"href":"https:\/\/www.sudoestehoje.com.br\/novoportal\/wp-json\/wp\/v2\/comments?post=67777"}],"version-history":[{"count":4,"href":"https:\/\/www.sudoestehoje.com.br\/novoportal\/wp-json\/wp\/v2\/posts\/67777\/revisions"}],"predecessor-version":[{"id":67782,"href":"https:\/\/www.sudoestehoje.com.br\/novoportal\/wp-json\/wp\/v2\/posts\/67777\/revisions\/67782"}],"wp:featuredmedia":[{"embeddable":true,"href":"https:\/\/www.sudoestehoje.com.br\/novoportal\/wp-json\/wp\/v2\/media\/67780"}],"wp:attachment":[{"href":"https:\/\/www.sudoestehoje.com.br\/novoportal\/wp-json\/wp\/v2\/media?parent=67777"}],"wp:term":[{"taxonomy":"category","embeddable":true,"href":"https:\/\/www.sudoestehoje.com.br\/novoportal\/wp-json\/wp\/v2\/categories?post=67777"},{"taxonomy":"post_tag","embeddable":true,"href":"https:\/\/www.sudoestehoje.com.br\/novoportal\/wp-json\/wp\/v2\/tags?post=67777"}],"curies":[{"name":"wp","href":"https:\/\/api.w.org\/{rel}","templated":true}]}}