
{"id":67772,"date":"2017-09-15T17:51:58","date_gmt":"2017-09-15T20:51:58","guid":{"rendered":"http:\/\/www.sudoestehoje.com.br\/novoportal\/?p=67772"},"modified":"2017-09-15T18:02:32","modified_gmt":"2017-09-15T21:02:32","slug":"destino-do-pmdb-baiano-depende-de-eventual-delacao-de-geddel","status":"publish","type":"post","link":"https:\/\/www.sudoestehoje.com.br\/novoportal\/2017\/09\/15\/destino-do-pmdb-baiano-depende-de-eventual-delacao-de-geddel\/","title":{"rendered":"DESTINO DO PMDB DA BAHIA DEPENDE DE EVENTUAL DELA\u00c7\u00c3O DE GEDDEL"},"content":{"rendered":"<p><a href=\"http:\/\/www.sudoestehoje.com.br\/novoportal\/wp-content\/uploads\/2017\/09\/GEDDEL.jpg\"><img loading=\"lazy\" decoding=\"async\" class=\"aligncenter size-medium wp-image-67773\" src=\"http:\/\/www.sudoestehoje.com.br\/novoportal\/wp-content\/uploads\/2017\/09\/GEDDEL-500x244.jpg\" alt=\"\" width=\"500\" height=\"244\" srcset=\"https:\/\/www.sudoestehoje.com.br\/novoportal\/wp-content\/uploads\/2017\/09\/GEDDEL-500x244.jpg 500w, https:\/\/www.sudoestehoje.com.br\/novoportal\/wp-content\/uploads\/2017\/09\/GEDDEL.jpg 615w\" sizes=\"auto, (max-width: 500px) 100vw, 500px\" \/><\/a><\/p>\n<p>Os grupos pol\u00edticos que se interessam pelo esp\u00f3lio de Geddel Vieira Lima no PMDB da Bahia ter\u00e3o que aguardar ainda um bom tempo se quiserem efetivamente lutar pela tomada do partido.<\/p>\n<p>\u00c9 que gente pr\u00f3xima ao presidente Michel Temer (PMDB) garante que ele s\u00f3 autoriza qualquer tipo de movimento na dire\u00e7\u00e3o de uma das siglas mais importantes da Bahia depois de uma eventual e cada vez mais prov\u00e1vel dela\u00e7\u00e3o do pol\u00edtico peemedebista, preso pela segunda vez, na semana passada, sob a acusa\u00e7\u00e3o de ser dono de R$ 51 milh\u00f5es em dinheiro vivo.<\/p>\n<p>\u201cTemer s\u00f3 vai tratar desse assunto (PMDB da Bahia) depois da dela\u00e7\u00e3o de Geddel, que todo mundo considera prov\u00e1vel\u201d, diz um deputado governista que conversou sobre o assunto com o presidente esta semana.<\/p>\n","protected":false},"excerpt":{"rendered":"<p>Os grupos pol\u00edticos que se interessam pelo esp\u00f3lio de Geddel Vieira Lima no PMDB da Bahia ter\u00e3o que aguardar ainda um bom tempo se quiserem efetivamente lutar pela tomada do partido. \u00c9 que gente pr\u00f3xima ao presidente Michel Temer (PMDB) garante que ele s\u00f3 autoriza qualquer tipo de movimento na dire\u00e7\u00e3o de uma das siglas [&hellip;]<\/p>\n","protected":false},"author":2,"featured_media":67773,"comment_status":"open","ping_status":"open","sticky":false,"template":"","format":"standard","meta":{"footnotes":"","_links_to":"","_links_to_target":""},"categories":[1],"tags":[],"class_list":["post-67772","post","type-post","status-publish","format-standard","has-post-thumbnail","hentry","category-geral"],"views":1130,"_links":{"self":[{"href":"https:\/\/www.sudoestehoje.com.br\/novoportal\/wp-json\/wp\/v2\/posts\/67772","targetHints":{"allow":["GET"]}}],"collection":[{"href":"https:\/\/www.sudoestehoje.com.br\/novoportal\/wp-json\/wp\/v2\/posts"}],"about":[{"href":"https:\/\/www.sudoestehoje.com.br\/novoportal\/wp-json\/wp\/v2\/types\/post"}],"author":[{"embeddable":true,"href":"https:\/\/www.sudoestehoje.com.br\/novoportal\/wp-json\/wp\/v2\/users\/2"}],"replies":[{"embeddable":true,"href":"https:\/\/www.sudoestehoje.com.br\/novoportal\/wp-json\/wp\/v2\/comments?post=67772"}],"version-history":[{"count":3,"href":"https:\/\/www.sudoestehoje.com.br\/novoportal\/wp-json\/wp\/v2\/posts\/67772\/revisions"}],"predecessor-version":[{"id":67776,"href":"https:\/\/www.sudoestehoje.com.br\/novoportal\/wp-json\/wp\/v2\/posts\/67772\/revisions\/67776"}],"wp:featuredmedia":[{"embeddable":true,"href":"https:\/\/www.sudoestehoje.com.br\/novoportal\/wp-json\/wp\/v2\/media\/67773"}],"wp:attachment":[{"href":"https:\/\/www.sudoestehoje.com.br\/novoportal\/wp-json\/wp\/v2\/media?parent=67772"}],"wp:term":[{"taxonomy":"category","embeddable":true,"href":"https:\/\/www.sudoestehoje.com.br\/novoportal\/wp-json\/wp\/v2\/categories?post=67772"},{"taxonomy":"post_tag","embeddable":true,"href":"https:\/\/www.sudoestehoje.com.br\/novoportal\/wp-json\/wp\/v2\/tags?post=67772"}],"curies":[{"name":"wp","href":"https:\/\/api.w.org\/{rel}","templated":true}]}}