
{"id":67765,"date":"2017-09-15T07:38:00","date_gmt":"2017-09-15T10:38:00","guid":{"rendered":"http:\/\/www.sudoestehoje.com.br\/novoportal\/?p=67765"},"modified":"2017-09-15T07:38:00","modified_gmt":"2017-09-15T10:38:00","slug":"bahia-morre-o-ex-deputado-pedro-irujo","status":"publish","type":"post","link":"https:\/\/www.sudoestehoje.com.br\/novoportal\/2017\/09\/15\/bahia-morre-o-ex-deputado-pedro-irujo\/","title":{"rendered":"BAHIA: MORRE O EX-DEPUTADO PEDRO IRUJO"},"content":{"rendered":"<p><a href=\"http:\/\/www.sudoestehoje.com.br\/novoportal\/wp-content\/uploads\/2017\/09\/pedro-irujo-reproducao-facebook.jpg\"><img loading=\"lazy\" decoding=\"async\" class=\"aligncenter size-medium wp-image-67766\" src=\"http:\/\/www.sudoestehoje.com.br\/novoportal\/wp-content\/uploads\/2017\/09\/pedro-irujo-reproducao-facebook-500x350.jpg\" alt=\"\" width=\"500\" height=\"350\" srcset=\"https:\/\/www.sudoestehoje.com.br\/novoportal\/wp-content\/uploads\/2017\/09\/pedro-irujo-reproducao-facebook-500x350.jpg 500w, https:\/\/www.sudoestehoje.com.br\/novoportal\/wp-content\/uploads\/2017\/09\/pedro-irujo-reproducao-facebook.jpg 600w\" sizes=\"auto, (max-width: 500px) 100vw, 500px\" \/><\/a><\/p>\n<p>Espanhol, mas de carreira pol\u00edtica formada na Bahia, o ex-deputado Pedro Irujo morreu nesta sexta-feira (15), segundo informa\u00e7\u00e3o de uma das suas filhas.<\/p>\n<p>Irujo tinha 88 anos e, recentemente, tinha sofrido dois infartos. Em decorr\u00eancia das complica\u00e7\u00e3o, ficou internado Unidade de Tratamento Intensivo (UTI) do Hospital da Bahia.<\/p>\n<p>O sepultamento dele est\u00e1 marcado para a tarde desta sexta-feira, no cemit\u00e9rio Jardim da Saudade, a partir das 16h30.<\/p>\n","protected":false},"excerpt":{"rendered":"<p>Espanhol, mas de carreira pol\u00edtica formada na Bahia, o ex-deputado Pedro Irujo morreu nesta sexta-feira (15), segundo informa\u00e7\u00e3o de uma das suas filhas. Irujo tinha 88 anos e, recentemente, tinha sofrido dois infartos. Em decorr\u00eancia das complica\u00e7\u00e3o, ficou internado Unidade de Tratamento Intensivo (UTI) do Hospital da Bahia. O sepultamento dele est\u00e1 marcado para a [&hellip;]<\/p>\n","protected":false},"author":2,"featured_media":67766,"comment_status":"open","ping_status":"open","sticky":false,"template":"","format":"standard","meta":{"footnotes":"","_links_to":"","_links_to_target":""},"categories":[1],"tags":[],"class_list":["post-67765","post","type-post","status-publish","format-standard","has-post-thumbnail","hentry","category-geral"],"views":1131,"_links":{"self":[{"href":"https:\/\/www.sudoestehoje.com.br\/novoportal\/wp-json\/wp\/v2\/posts\/67765","targetHints":{"allow":["GET"]}}],"collection":[{"href":"https:\/\/www.sudoestehoje.com.br\/novoportal\/wp-json\/wp\/v2\/posts"}],"about":[{"href":"https:\/\/www.sudoestehoje.com.br\/novoportal\/wp-json\/wp\/v2\/types\/post"}],"author":[{"embeddable":true,"href":"https:\/\/www.sudoestehoje.com.br\/novoportal\/wp-json\/wp\/v2\/users\/2"}],"replies":[{"embeddable":true,"href":"https:\/\/www.sudoestehoje.com.br\/novoportal\/wp-json\/wp\/v2\/comments?post=67765"}],"version-history":[{"count":1,"href":"https:\/\/www.sudoestehoje.com.br\/novoportal\/wp-json\/wp\/v2\/posts\/67765\/revisions"}],"predecessor-version":[{"id":67767,"href":"https:\/\/www.sudoestehoje.com.br\/novoportal\/wp-json\/wp\/v2\/posts\/67765\/revisions\/67767"}],"wp:featuredmedia":[{"embeddable":true,"href":"https:\/\/www.sudoestehoje.com.br\/novoportal\/wp-json\/wp\/v2\/media\/67766"}],"wp:attachment":[{"href":"https:\/\/www.sudoestehoje.com.br\/novoportal\/wp-json\/wp\/v2\/media?parent=67765"}],"wp:term":[{"taxonomy":"category","embeddable":true,"href":"https:\/\/www.sudoestehoje.com.br\/novoportal\/wp-json\/wp\/v2\/categories?post=67765"},{"taxonomy":"post_tag","embeddable":true,"href":"https:\/\/www.sudoestehoje.com.br\/novoportal\/wp-json\/wp\/v2\/tags?post=67765"}],"curies":[{"name":"wp","href":"https:\/\/api.w.org\/{rel}","templated":true}]}}