
{"id":67762,"date":"2017-09-14T20:54:31","date_gmt":"2017-09-14T23:54:31","guid":{"rendered":"http:\/\/www.sudoestehoje.com.br\/novoportal\/?p=67762"},"modified":"2017-09-14T20:54:31","modified_gmt":"2017-09-14T23:54:31","slug":"homem-passa-mao-em-bumbum-de-garota-e-e-assassinado-por-ela","status":"publish","type":"post","link":"https:\/\/www.sudoestehoje.com.br\/novoportal\/2017\/09\/14\/homem-passa-mao-em-bumbum-de-garota-e-e-assassinado-por-ela\/","title":{"rendered":"HOMEM PASSA M\u00c3O EM BUMBUM DE GAROTA E \u00c9 ASSASSINADO POR ELA"},"content":{"rendered":"<p><a href=\"http:\/\/www.sudoestehoje.com.br\/novoportal\/wp-content\/uploads\/2017\/09\/M\u00c3O-NAS-N\u00c1DEGAS.jpg\"><img loading=\"lazy\" decoding=\"async\" class=\"aligncenter size-medium wp-image-67763\" src=\"http:\/\/www.sudoestehoje.com.br\/novoportal\/wp-content\/uploads\/2017\/09\/M\u00c3O-NAS-N\u00c1DEGAS-500x302.jpg\" alt=\"\" width=\"500\" height=\"302\" srcset=\"https:\/\/www.sudoestehoje.com.br\/novoportal\/wp-content\/uploads\/2017\/09\/M\u00c3O-NAS-N\u00c1DEGAS-500x302.jpg 500w, https:\/\/www.sudoestehoje.com.br\/novoportal\/wp-content\/uploads\/2017\/09\/M\u00c3O-NAS-N\u00c1DEGAS.jpg 529w\" sizes=\"auto, (max-width: 500px) 100vw, 500px\" \/><\/a><\/p>\n<p>Um homem de 42 anos foi morto na noite de quarta-feira (13) com golpes de canivete na Rua Dom Vital, pr\u00f3ximo ao Mercado Tur\u00edstico, no Centro de Petrolina, no Sert\u00e3o de Pernambuco.<\/p>\n<p>De acordo com o 5\u00ba Batalh\u00e3o da Pol\u00edcia Militar (5\u00ba BPM), testemunhas disseram que, por volta das 22h20, Ant\u00f4nio Fernando Santos teria passado a m\u00e3o nas n\u00e1degas da jovem de 19 anos, Sulamita Kelly Rodrigues Farias.<\/p>\n<p>Em seguida, a mo\u00e7a foi em casa, pegou um canivete e retornou ao local, quando esfaqueou o homem na regi\u00e3o do t\u00f3rax.<\/p>\n<p>O Servi\u00e7o de Atendimento M\u00f3vel de Urg\u00eancia (Samu) prestou os primeiros socorros a v\u00edtima, que foi encaminhado ao hospital, mas ele n\u00e3o resistiu.<\/p>\n","protected":false},"excerpt":{"rendered":"<p>Um homem de 42 anos foi morto na noite de quarta-feira (13) com golpes de canivete na Rua Dom Vital, pr\u00f3ximo ao Mercado Tur\u00edstico, no Centro de Petrolina, no Sert\u00e3o de Pernambuco. De acordo com o 5\u00ba Batalh\u00e3o da Pol\u00edcia Militar (5\u00ba BPM), testemunhas disseram que, por volta das 22h20, Ant\u00f4nio Fernando Santos teria passado [&hellip;]<\/p>\n","protected":false},"author":2,"featured_media":67763,"comment_status":"open","ping_status":"open","sticky":false,"template":"","format":"standard","meta":{"footnotes":"","_links_to":"","_links_to_target":""},"categories":[1],"tags":[],"class_list":["post-67762","post","type-post","status-publish","format-standard","has-post-thumbnail","hentry","category-geral"],"views":10057,"_links":{"self":[{"href":"https:\/\/www.sudoestehoje.com.br\/novoportal\/wp-json\/wp\/v2\/posts\/67762","targetHints":{"allow":["GET"]}}],"collection":[{"href":"https:\/\/www.sudoestehoje.com.br\/novoportal\/wp-json\/wp\/v2\/posts"}],"about":[{"href":"https:\/\/www.sudoestehoje.com.br\/novoportal\/wp-json\/wp\/v2\/types\/post"}],"author":[{"embeddable":true,"href":"https:\/\/www.sudoestehoje.com.br\/novoportal\/wp-json\/wp\/v2\/users\/2"}],"replies":[{"embeddable":true,"href":"https:\/\/www.sudoestehoje.com.br\/novoportal\/wp-json\/wp\/v2\/comments?post=67762"}],"version-history":[{"count":1,"href":"https:\/\/www.sudoestehoje.com.br\/novoportal\/wp-json\/wp\/v2\/posts\/67762\/revisions"}],"predecessor-version":[{"id":67764,"href":"https:\/\/www.sudoestehoje.com.br\/novoportal\/wp-json\/wp\/v2\/posts\/67762\/revisions\/67764"}],"wp:featuredmedia":[{"embeddable":true,"href":"https:\/\/www.sudoestehoje.com.br\/novoportal\/wp-json\/wp\/v2\/media\/67763"}],"wp:attachment":[{"href":"https:\/\/www.sudoestehoje.com.br\/novoportal\/wp-json\/wp\/v2\/media?parent=67762"}],"wp:term":[{"taxonomy":"category","embeddable":true,"href":"https:\/\/www.sudoestehoje.com.br\/novoportal\/wp-json\/wp\/v2\/categories?post=67762"},{"taxonomy":"post_tag","embeddable":true,"href":"https:\/\/www.sudoestehoje.com.br\/novoportal\/wp-json\/wp\/v2\/tags?post=67762"}],"curies":[{"name":"wp","href":"https:\/\/api.w.org\/{rel}","templated":true}]}}