
{"id":6776,"date":"2011-07-17T21:51:34","date_gmt":"2011-07-18T00:51:34","guid":{"rendered":"http:\/\/www.sudoestehoje.com.br\/novoportal\/?p=6776"},"modified":"2011-07-17T21:51:34","modified_gmt":"2011-07-18T00:51:34","slug":"alunos-da-cooedita-treinam-em-vestibular-da-fainor","status":"publish","type":"post","link":"https:\/\/www.sudoestehoje.com.br\/novoportal\/2011\/07\/17\/alunos-da-cooedita-treinam-em-vestibular-da-fainor\/","title":{"rendered":"ALUNOS DA COOEDITA TREINAM EM VESTIBULAR DA FAINOR"},"content":{"rendered":"<p style=\"text-align: center;\"><img loading=\"lazy\" decoding=\"async\" class=\"aligncenter\" src=\"http:\/\/www.blogdaresenhageral.com.br\/v1\/wp-content\/uploads\/vestibula-fainor.jpg\" alt=\"\" width=\"389\" height=\"222\" \/><\/p>\n<p style=\"text-align: center;\"><em>Foto: Blog da Resenha Geral<\/em><\/p>\n<p>\u00a0<\/p>\n<p>CONQUISTA\/ITAPETINGA: Os alunos que cursam o 3\u00ba ano do Ensino M\u00e9dio da Cooedita, em Itapetinga, receberam um convite especial da Fainor, para realizarem, a t\u00edtulo de treinamento, o vestibular 2011.2, realizado neste domingo, em Vit\u00f3ria da Conquista.\u00a0<\/p>\n<p>Al\u00e9m de dispensar o pagamento das matr\u00edculas, a Fainor ainda\u00a0ofereceu a alimenta\u00e7\u00e3o dos alunos da Cooedita, que se deslocaram para Vit\u00f3ria da Conquista, na parte da manh\u00e3. As\u00a0 provas tiveram in\u00edcio \u00e0s 14h e se encerraram \u00e0s 18h.<\/p>\n<p>Os cursos com maior procura foram os de Arquitetura, Fisioterapia, Farm\u00e1cia e Administra\u00e7\u00e3o, com mais de quatro concorrentes por vaga. Dos onze cursos da Fainor, somente os cursos de Direito e Odontologia n\u00e3o ofereceram vagas para esse processo.<\/p>\n<p>O gabarito ser\u00e1 divulgado na segunda-feira (18). O resultado final sair\u00e1 na ter\u00e7a-feira (19). As aulas para os selecionados nesse vestibular ter\u00e3o in\u00edcio no dia 25 desse m\u00eas de julho.<\/p>\n<p>Com informa\u00e7\u00f5es do <em><strong>Blog da Resenha Geral<\/strong><\/em><\/p>\n","protected":false},"excerpt":{"rendered":"<p>Foto: Blog da Resenha Geral \u00a0 CONQUISTA\/ITAPETINGA: Os alunos que cursam o 3\u00ba ano do Ensino M\u00e9dio da Cooedita, em Itapetinga, receberam um convite especial da Fainor, para realizarem, a t\u00edtulo de treinamento, o vestibular 2011.2, realizado neste domingo, em Vit\u00f3ria da Conquista.\u00a0 Al\u00e9m de dispensar o pagamento das matr\u00edculas, a Fainor ainda\u00a0ofereceu a alimenta\u00e7\u00e3o [&hellip;]<\/p>\n","protected":false},"author":2,"featured_media":0,"comment_status":"open","ping_status":"open","sticky":false,"template":"","format":"standard","meta":{"footnotes":"","_links_to":"","_links_to_target":""},"categories":[1],"tags":[],"class_list":["post-6776","post","type-post","status-publish","format-standard","hentry","category-geral"],"views":2294,"_links":{"self":[{"href":"https:\/\/www.sudoestehoje.com.br\/novoportal\/wp-json\/wp\/v2\/posts\/6776","targetHints":{"allow":["GET"]}}],"collection":[{"href":"https:\/\/www.sudoestehoje.com.br\/novoportal\/wp-json\/wp\/v2\/posts"}],"about":[{"href":"https:\/\/www.sudoestehoje.com.br\/novoportal\/wp-json\/wp\/v2\/types\/post"}],"author":[{"embeddable":true,"href":"https:\/\/www.sudoestehoje.com.br\/novoportal\/wp-json\/wp\/v2\/users\/2"}],"replies":[{"embeddable":true,"href":"https:\/\/www.sudoestehoje.com.br\/novoportal\/wp-json\/wp\/v2\/comments?post=6776"}],"version-history":[{"count":4,"href":"https:\/\/www.sudoestehoje.com.br\/novoportal\/wp-json\/wp\/v2\/posts\/6776\/revisions"}],"predecessor-version":[{"id":6780,"href":"https:\/\/www.sudoestehoje.com.br\/novoportal\/wp-json\/wp\/v2\/posts\/6776\/revisions\/6780"}],"wp:attachment":[{"href":"https:\/\/www.sudoestehoje.com.br\/novoportal\/wp-json\/wp\/v2\/media?parent=6776"}],"wp:term":[{"taxonomy":"category","embeddable":true,"href":"https:\/\/www.sudoestehoje.com.br\/novoportal\/wp-json\/wp\/v2\/categories?post=6776"},{"taxonomy":"post_tag","embeddable":true,"href":"https:\/\/www.sudoestehoje.com.br\/novoportal\/wp-json\/wp\/v2\/tags?post=6776"}],"curies":[{"name":"wp","href":"https:\/\/api.w.org\/{rel}","templated":true}]}}