
{"id":67753,"date":"2017-09-14T20:14:20","date_gmt":"2017-09-14T23:14:20","guid":{"rendered":"http:\/\/www.sudoestehoje.com.br\/novoportal\/?p=67753"},"modified":"2017-09-14T20:14:20","modified_gmt":"2017-09-14T23:14:20","slug":"tarugao-participa-da-formacao-do-comite-da-bacia-do-rio-catole-em-salvador","status":"publish","type":"post","link":"https:\/\/www.sudoestehoje.com.br\/novoportal\/2017\/09\/14\/tarugao-participa-da-formacao-do-comite-da-bacia-do-rio-catole-em-salvador\/","title":{"rendered":"TARUG\u00c3O PARTICIPA DA FORMA\u00c7\u00c3O DO COMIT\u00ca DA BACIA DO RIO CATOL\u00c9 EM SALVADOR"},"content":{"rendered":"<p><a href=\"http:\/\/www.sudoestehoje.com.br\/novoportal\/wp-content\/uploads\/2017\/09\/bacia.jpg\"><img loading=\"lazy\" decoding=\"async\" class=\"aligncenter size-medium wp-image-67754\" src=\"http:\/\/www.sudoestehoje.com.br\/novoportal\/wp-content\/uploads\/2017\/09\/bacia-500x375.jpg\" alt=\"\" width=\"500\" height=\"375\" srcset=\"https:\/\/www.sudoestehoje.com.br\/novoportal\/wp-content\/uploads\/2017\/09\/bacia-500x375.jpg 500w, https:\/\/www.sudoestehoje.com.br\/novoportal\/wp-content\/uploads\/2017\/09\/bacia-768x576.jpg 768w, https:\/\/www.sudoestehoje.com.br\/novoportal\/wp-content\/uploads\/2017\/09\/bacia-700x525.jpg 700w, https:\/\/www.sudoestehoje.com.br\/novoportal\/wp-content\/uploads\/2017\/09\/bacia.jpg 1280w\" sizes=\"auto, (max-width: 500px) 100vw, 500px\" \/><\/a><\/p>\n<p>O presidente da C\u00e2mara Municipal de Itapetinga, Eliomar Barreira\/Tarug\u00e3o (PMDB), participou na manh\u00e3 desta quinta-feira (14) de uma reuni\u00e3o na capital do estado na qual foi aprovada a proposta de cria\u00e7\u00e3o do comit\u00ea da Bacia Hidrogr\u00e1fica do Catol\u00e9 Grande.<\/p>\n<p>Realizada na sede da Secretaria de Desenvolvimento Econ\u00f4mico, no Centro Administrativo da Bahia (CAB), a reuni\u00e3o de hoje contou com a participa\u00e7\u00e3o do secret\u00e1rio estadual de Meio Ambiente, Jos\u00e9 Geraldo dos Reis Santos, do presidente da\u00a0 Ordem dos Advogados do Brasil na Bahia (OAB-BA), Luiz Viana, e de outras entidades ligadas ao assunto, al\u00e9m de representantes dos sete munic\u00edpios que fazem parte da Bacia.<\/p>\n<p>O secret\u00e1rio municipal de Planejamento, Washington Maciel, representou o prefeito Rodrigo Hagge (PMDB) na reuni\u00e3o. Tamb\u00e9m compareceram ao evento o secret\u00e1rio municipal de Meio Ambiente, Rog\u00e9rio Alves, Jorge Farias, membro do Conselho Estadual dos Recursos H\u00eddricos (Conerh) e a professora da Universidade Estadual do Sudoeste da Bahia (Uesb) Nelma Gusm\u00e3o.<\/p>\n","protected":false},"excerpt":{"rendered":"<p>O presidente da C\u00e2mara Municipal de Itapetinga, Eliomar Barreira\/Tarug\u00e3o (PMDB), participou na manh\u00e3 desta quinta-feira (14) de uma reuni\u00e3o na capital do estado na qual foi aprovada a proposta de cria\u00e7\u00e3o do comit\u00ea da Bacia Hidrogr\u00e1fica do Catol\u00e9 Grande. Realizada na sede da Secretaria de Desenvolvimento Econ\u00f4mico, no Centro Administrativo da Bahia (CAB), a reuni\u00e3o [&hellip;]<\/p>\n","protected":false},"author":2,"featured_media":67754,"comment_status":"open","ping_status":"open","sticky":false,"template":"","format":"standard","meta":{"footnotes":"","_links_to":"","_links_to_target":""},"categories":[1],"tags":[],"class_list":["post-67753","post","type-post","status-publish","format-standard","has-post-thumbnail","hentry","category-geral"],"views":1222,"_links":{"self":[{"href":"https:\/\/www.sudoestehoje.com.br\/novoportal\/wp-json\/wp\/v2\/posts\/67753","targetHints":{"allow":["GET"]}}],"collection":[{"href":"https:\/\/www.sudoestehoje.com.br\/novoportal\/wp-json\/wp\/v2\/posts"}],"about":[{"href":"https:\/\/www.sudoestehoje.com.br\/novoportal\/wp-json\/wp\/v2\/types\/post"}],"author":[{"embeddable":true,"href":"https:\/\/www.sudoestehoje.com.br\/novoportal\/wp-json\/wp\/v2\/users\/2"}],"replies":[{"embeddable":true,"href":"https:\/\/www.sudoestehoje.com.br\/novoportal\/wp-json\/wp\/v2\/comments?post=67753"}],"version-history":[{"count":7,"href":"https:\/\/www.sudoestehoje.com.br\/novoportal\/wp-json\/wp\/v2\/posts\/67753\/revisions"}],"predecessor-version":[{"id":67761,"href":"https:\/\/www.sudoestehoje.com.br\/novoportal\/wp-json\/wp\/v2\/posts\/67753\/revisions\/67761"}],"wp:featuredmedia":[{"embeddable":true,"href":"https:\/\/www.sudoestehoje.com.br\/novoportal\/wp-json\/wp\/v2\/media\/67754"}],"wp:attachment":[{"href":"https:\/\/www.sudoestehoje.com.br\/novoportal\/wp-json\/wp\/v2\/media?parent=67753"}],"wp:term":[{"taxonomy":"category","embeddable":true,"href":"https:\/\/www.sudoestehoje.com.br\/novoportal\/wp-json\/wp\/v2\/categories?post=67753"},{"taxonomy":"post_tag","embeddable":true,"href":"https:\/\/www.sudoestehoje.com.br\/novoportal\/wp-json\/wp\/v2\/tags?post=67753"}],"curies":[{"name":"wp","href":"https:\/\/api.w.org\/{rel}","templated":true}]}}