
{"id":67750,"date":"2017-09-14T09:31:11","date_gmt":"2017-09-14T12:31:11","guid":{"rendered":"http:\/\/www.sudoestehoje.com.br\/novoportal\/?p=67750"},"modified":"2017-09-14T09:31:11","modified_gmt":"2017-09-14T12:31:11","slug":"itapetinga-sessao-especial-da-camara-vai-discutir-a-prevencao-do-cancer-de-mama","status":"publish","type":"post","link":"https:\/\/www.sudoestehoje.com.br\/novoportal\/2017\/09\/14\/itapetinga-sessao-especial-da-camara-vai-discutir-a-prevencao-do-cancer-de-mama\/","title":{"rendered":"ITAPETINGA: SESS\u00c3O ESPECIAL DA C\u00c2MARA VAI DISCUTIR A PREVEN\u00c7\u00c3O DO C\u00c2NCER DE MAMA"},"content":{"rendered":"<p><a href=\"http:\/\/www.sudoestehoje.com.br\/novoportal\/wp-content\/uploads\/2017\/09\/convite.jpeg\"><img loading=\"lazy\" decoding=\"async\" class=\"aligncenter  wp-image-67751\" src=\"http:\/\/www.sudoestehoje.com.br\/novoportal\/wp-content\/uploads\/2017\/09\/convite-500x373.jpeg\" alt=\"\" width=\"499\" height=\"372\" srcset=\"https:\/\/www.sudoestehoje.com.br\/novoportal\/wp-content\/uploads\/2017\/09\/convite-500x373.jpeg 500w, https:\/\/www.sudoestehoje.com.br\/novoportal\/wp-content\/uploads\/2017\/09\/convite.jpeg 640w\" sizes=\"auto, (max-width: 499px) 100vw, 499px\" \/><\/a><\/p>\n<p>Segundo informa\u00e7\u00f5es do Instituto Nacional do C\u00e2ncer (Inca), o c\u00e2ncer de mama \u00e9 o tipo mais comum entre as mulheres no mundo e no Brasil, depois do c\u00e2ncer de pele n\u00e3o melanoma. Para discutir o assunto e promover a campanha Outubro Rosa \u2013 Preven\u00e7\u00e3o e Combate ao C\u00e2ncer de Mama, a C\u00e2mara Municipal de Itapetinga realizar\u00e1 uma sess\u00e3o especial no pr\u00f3ximo dia 20 de setembro, quarta-feira, \u00e0s 19 horas, no Plen\u00e1rio Ulysses Guimar\u00e3es.<\/p>\n<p>O evento, de iniciativa do mandato do vereador Jair Saloes (PMDB), contar\u00e1 com a participa\u00e7\u00e3o especial do m\u00e9dico ginecologista e obstetra Rubens Pereira Moura, que vai ministrar uma palestra sobre o tema e apresentar um projeto explicando como ser\u00e1 organizada a campanha de conscientiza\u00e7\u00e3o neste ano.<\/p>\n<p><em>\u201c\u00c9 importante dar aten\u00e7\u00e3o ao assunto durante os 12 meses do ano, j\u00e1 que a doen\u00e7a \u00e9 implac\u00e1vel e se faz presente n\u00e3o s\u00f3 no m\u00eas de outubro. No entanto, esse m\u00eas \u00e9 representativo para a causa, tornando-se especial e destacado dos demais\u201d<\/em>, justificou Jair Saloes em requerimento apresentado \u00e0 C\u00e2mara.<\/p>\n<p>O dia 19 de outubro \u00e9 marcado como o Dia Internacional do C\u00e2ncer de Mama, data que relembra a import\u00e2ncia da preven\u00e7\u00e3o da doen\u00e7a que mais mata mulheres no mundo.\u00a0A campanha que ocorre mundialmente tem como objetivo disseminar informa\u00e7\u00f5es sobre o tema para que cada vez mais pessoas consigam prevenir o problema de sa\u00fade e, consequentemente, aumentar suas chances de cura, j\u00e1 que quanto mais cedo o c\u00e2ncer de mama \u00e9 descoberto, mais altas s\u00e3o as taxas de sucesso do tratamento.<\/p>\n<p>De acordo com o Inca, 30% dos casos desse tipo de doen\u00e7a podem ser evitados com bons h\u00e1bitos, entre os quais est\u00e3o a pr\u00e1tica regular de atividade f\u00edsica, a alimenta\u00e7\u00e3o saud\u00e1vel e a amamenta\u00e7\u00e3o. O instituto tamb\u00e9m recomenda n\u00e3o consumir bebidas alco\u00f3licas e manter um peso adequado.<\/p>\n<p>Vale lembrar que o Minist\u00e9rio da Sa\u00fade oferece atendimento por meio do Sistema \u00danico de Sa\u00fade (SUS). A Lei 12.732 de 2012 prev\u00ea que o tratamento contra o c\u00e2ncer no SUS deve come\u00e7ar em at\u00e9 60 dias ap\u00f3s o diagn\u00f3stico. \/\/Ascom C\u00e2mara<\/p>\n","protected":false},"excerpt":{"rendered":"<p>Segundo informa\u00e7\u00f5es do Instituto Nacional do C\u00e2ncer (Inca), o c\u00e2ncer de mama \u00e9 o tipo mais comum entre as mulheres no mundo e no Brasil, depois do c\u00e2ncer de pele n\u00e3o melanoma. Para discutir o assunto e promover a campanha Outubro Rosa \u2013 Preven\u00e7\u00e3o e Combate ao C\u00e2ncer de Mama, a C\u00e2mara Municipal de Itapetinga [&hellip;]<\/p>\n","protected":false},"author":2,"featured_media":67751,"comment_status":"open","ping_status":"open","sticky":false,"template":"","format":"standard","meta":{"footnotes":"","_links_to":"","_links_to_target":""},"categories":[1],"tags":[],"class_list":["post-67750","post","type-post","status-publish","format-standard","has-post-thumbnail","hentry","category-geral"],"views":2157,"_links":{"self":[{"href":"https:\/\/www.sudoestehoje.com.br\/novoportal\/wp-json\/wp\/v2\/posts\/67750","targetHints":{"allow":["GET"]}}],"collection":[{"href":"https:\/\/www.sudoestehoje.com.br\/novoportal\/wp-json\/wp\/v2\/posts"}],"about":[{"href":"https:\/\/www.sudoestehoje.com.br\/novoportal\/wp-json\/wp\/v2\/types\/post"}],"author":[{"embeddable":true,"href":"https:\/\/www.sudoestehoje.com.br\/novoportal\/wp-json\/wp\/v2\/users\/2"}],"replies":[{"embeddable":true,"href":"https:\/\/www.sudoestehoje.com.br\/novoportal\/wp-json\/wp\/v2\/comments?post=67750"}],"version-history":[{"count":1,"href":"https:\/\/www.sudoestehoje.com.br\/novoportal\/wp-json\/wp\/v2\/posts\/67750\/revisions"}],"predecessor-version":[{"id":67752,"href":"https:\/\/www.sudoestehoje.com.br\/novoportal\/wp-json\/wp\/v2\/posts\/67750\/revisions\/67752"}],"wp:featuredmedia":[{"embeddable":true,"href":"https:\/\/www.sudoestehoje.com.br\/novoportal\/wp-json\/wp\/v2\/media\/67751"}],"wp:attachment":[{"href":"https:\/\/www.sudoestehoje.com.br\/novoportal\/wp-json\/wp\/v2\/media?parent=67750"}],"wp:term":[{"taxonomy":"category","embeddable":true,"href":"https:\/\/www.sudoestehoje.com.br\/novoportal\/wp-json\/wp\/v2\/categories?post=67750"},{"taxonomy":"post_tag","embeddable":true,"href":"https:\/\/www.sudoestehoje.com.br\/novoportal\/wp-json\/wp\/v2\/tags?post=67750"}],"curies":[{"name":"wp","href":"https:\/\/api.w.org\/{rel}","templated":true}]}}