
{"id":67746,"date":"2017-09-13T20:35:23","date_gmt":"2017-09-13T23:35:23","guid":{"rendered":"http:\/\/www.sudoestehoje.com.br\/novoportal\/?p=67746"},"modified":"2017-09-13T21:08:36","modified_gmt":"2017-09-14T00:08:36","slug":"deputada-angela-souza-anuncia-instalacao-do-ponto-cidadao-em-itapetinga","status":"publish","type":"post","link":"https:\/\/www.sudoestehoje.com.br\/novoportal\/2017\/09\/13\/deputada-angela-souza-anuncia-instalacao-do-ponto-cidadao-em-itapetinga\/","title":{"rendered":"DEPUTADA \u00c2NGELA SOUZA ANUNCIA INSTALA\u00c7\u00c3O DO PONTO CIDAD\u00c3O EM ITAPETINGA"},"content":{"rendered":"<p><a href=\"http:\/\/www.sudoestehoje.com.br\/novoportal\/wp-content\/uploads\/2017\/09\/SAC.jpg\"><img loading=\"lazy\" decoding=\"async\" class=\"aligncenter wp-image-67747\" src=\"http:\/\/www.sudoestehoje.com.br\/novoportal\/wp-content\/uploads\/2017\/09\/SAC.jpg\" alt=\"\" width=\"500\" height=\"375\" \/><\/a><\/p>\n<p>Segundo publica\u00e7\u00e3o do Pol\u00edticos do Sul da Bahia, a popula\u00e7\u00e3o de Itapetinga ser\u00e1 beneficiada com um Ponto Cidad\u00e3o \u2013 unidade avan\u00e7ada de atendimento da Rede SAC. A implanta\u00e7\u00e3o foi anunciada pelo secret\u00e1rio estadual da Administra\u00e7\u00e3o, Edelvino G\u00f3es Filho, e atende a uma antiga reivindica\u00e7\u00e3o da deputada estadual \u00c2ngela Sousa (PSD) que, desde de 2015, vem pleiteando a obra junto com o ex-vereador municipal Alfredo Cabral de Assis.<\/p>\n<p>\u201cA instala\u00e7\u00e3o do Ponto Cidad\u00e3o em Itapetinga \u00e9 uma conquista de toda a popula\u00e7\u00e3o, e representa a democratiza\u00e7\u00e3o do acesso \u00e0 informa\u00e7\u00e3o na presta\u00e7\u00e3o do servi\u00e7o p\u00fablico, consolidada na gest\u00e3o do nosso governador Rui Costa. Sem d\u00favidas, o funcionamento da unidade vai oferecer mais comodidade e agilidade aos moradores da regi\u00e3o, al\u00e9m de representar um grande avan\u00e7o no acesso \u00e0 cidadania\u201d, afirmou a parlamentar.<\/p>\n<p>Ainda de acordo com \u00c2ngela, a implanta\u00e7\u00e3o da unidade em Itapetinga ir\u00e1 reduzir o tempo e o desgaste dos moradores da regi\u00e3o, que precisam se deslocar at\u00e9 o munic\u00edpio de Vit\u00f3ria da Conquista para obter um dos 665 servi\u00e7os prestados pelas 32 institui\u00e7\u00f5es que comp\u00f5em a estrutura dos postos fixos da institui\u00e7\u00e3o.<\/p>\n<p>Vistoria \u2013 Na manh\u00e3 desta quarta-feira (13), uma visita t\u00e9cnica ao local de implanta\u00e7\u00e3o da unidade foi realizada e representou o pontap\u00e9 inicial para a consolida\u00e7\u00e3o da obra. A deputada \u00c2ngela Sousa foi representada pelo assessor Alessandro Porto, que acompanhou os t\u00e9cnicos Carolina Borges, da Secretaria estadual da Administra\u00e7\u00e3o, e Matheus Novaes, da Mundi Engenharia.<\/p>\n<p>O Ponto Cidad\u00e3o ser\u00e1 implantado na Avenida Hildebrando Nogueira, nas antigas instala\u00e7\u00f5es do DERBA, e vai beneficiar cerca de 77 mil habitantes. O munic\u00edpio de Itapetinga comp\u00f5e o Territ\u00f3rio de Identidade do M\u00e9dio Sudoeste da Bahia, e a regi\u00e3o abrange as cidades de Itoror\u00f3, Itamb\u00e9, Maiquinique, Potiragu\u00e1, Caatiba, Macarani, Ibicu\u00ed, Igua\u00ed e Itarantim.<\/p>\n<p>Ao inv\u00e9s dos tradicionais &#8220;pais da crian\u00e7a&#8221;, teremos agora uma &#8220;m\u00e3e&#8221;. A ciumeira promete ser intensa&#8230;<\/p>\n<p><strong><em>Por Davi Ferraz<\/em><\/strong><\/p>\n","protected":false},"excerpt":{"rendered":"<p>Segundo publica\u00e7\u00e3o do Pol\u00edticos do Sul da Bahia, a popula\u00e7\u00e3o de Itapetinga ser\u00e1 beneficiada com um Ponto Cidad\u00e3o \u2013 unidade avan\u00e7ada de atendimento da Rede SAC. A implanta\u00e7\u00e3o foi anunciada pelo secret\u00e1rio estadual da Administra\u00e7\u00e3o, Edelvino G\u00f3es Filho, e atende a uma antiga reivindica\u00e7\u00e3o da deputada estadual \u00c2ngela Sousa (PSD) que, desde de 2015, vem [&hellip;]<\/p>\n","protected":false},"author":2,"featured_media":67747,"comment_status":"open","ping_status":"open","sticky":false,"template":"","format":"standard","meta":{"footnotes":"","_links_to":"","_links_to_target":""},"categories":[1],"tags":[],"class_list":["post-67746","post","type-post","status-publish","format-standard","has-post-thumbnail","hentry","category-geral"],"views":1913,"_links":{"self":[{"href":"https:\/\/www.sudoestehoje.com.br\/novoportal\/wp-json\/wp\/v2\/posts\/67746","targetHints":{"allow":["GET"]}}],"collection":[{"href":"https:\/\/www.sudoestehoje.com.br\/novoportal\/wp-json\/wp\/v2\/posts"}],"about":[{"href":"https:\/\/www.sudoestehoje.com.br\/novoportal\/wp-json\/wp\/v2\/types\/post"}],"author":[{"embeddable":true,"href":"https:\/\/www.sudoestehoje.com.br\/novoportal\/wp-json\/wp\/v2\/users\/2"}],"replies":[{"embeddable":true,"href":"https:\/\/www.sudoestehoje.com.br\/novoportal\/wp-json\/wp\/v2\/comments?post=67746"}],"version-history":[{"count":2,"href":"https:\/\/www.sudoestehoje.com.br\/novoportal\/wp-json\/wp\/v2\/posts\/67746\/revisions"}],"predecessor-version":[{"id":67749,"href":"https:\/\/www.sudoestehoje.com.br\/novoportal\/wp-json\/wp\/v2\/posts\/67746\/revisions\/67749"}],"wp:featuredmedia":[{"embeddable":true,"href":"https:\/\/www.sudoestehoje.com.br\/novoportal\/wp-json\/wp\/v2\/media\/67747"}],"wp:attachment":[{"href":"https:\/\/www.sudoestehoje.com.br\/novoportal\/wp-json\/wp\/v2\/media?parent=67746"}],"wp:term":[{"taxonomy":"category","embeddable":true,"href":"https:\/\/www.sudoestehoje.com.br\/novoportal\/wp-json\/wp\/v2\/categories?post=67746"},{"taxonomy":"post_tag","embeddable":true,"href":"https:\/\/www.sudoestehoje.com.br\/novoportal\/wp-json\/wp\/v2\/tags?post=67746"}],"curies":[{"name":"wp","href":"https:\/\/api.w.org\/{rel}","templated":true}]}}