
{"id":67742,"date":"2017-09-13T20:14:18","date_gmt":"2017-09-13T23:14:18","guid":{"rendered":"http:\/\/www.sudoestehoje.com.br\/novoportal\/?p=67742"},"modified":"2017-09-13T20:14:18","modified_gmt":"2017-09-13T23:14:18","slug":"vereador-marcio-piu-preside-sessao-da-camara-municipal-de-itapetinga","status":"publish","type":"post","link":"https:\/\/www.sudoestehoje.com.br\/novoportal\/2017\/09\/13\/vereador-marcio-piu-preside-sessao-da-camara-municipal-de-itapetinga\/","title":{"rendered":"VEREADOR M\u00c1RCIO PIU PRESIDE SESS\u00c3O DA C\u00c2MARA MUNICIPAL DE ITAPETINGA"},"content":{"rendered":"<p><a href=\"http:\/\/www.sudoestehoje.com.br\/novoportal\/wp-content\/uploads\/2017\/09\/piu-1.jpg\"><img loading=\"lazy\" decoding=\"async\" class=\"aligncenter size-medium wp-image-67744\" src=\"http:\/\/www.sudoestehoje.com.br\/novoportal\/wp-content\/uploads\/2017\/09\/piu-1-500x375.jpg\" alt=\"\" width=\"500\" height=\"375\" srcset=\"https:\/\/www.sudoestehoje.com.br\/novoportal\/wp-content\/uploads\/2017\/09\/piu-1-500x375.jpg 500w, https:\/\/www.sudoestehoje.com.br\/novoportal\/wp-content\/uploads\/2017\/09\/piu-1.jpg 526w\" sizes=\"auto, (max-width: 500px) 100vw, 500px\" \/><\/a><\/p>\n<p>Em virtude da aus\u00eancia justificada do presidente Eliomar Barreira &#8216;Tarug\u00e3o&#8217;, que viajou \u00e0 capital do Estado para participar de uma audi\u00eancia p\u00fablica sobre a barragem do Rio Catol\u00e9, a convite do Minist\u00e9rio P\u00fablico Regional do Meio Ambiente, o vice-presidente da c\u00e2mara, vereador Marcio Piu, assumiu os trabalhos nesta quarta-feira (13), presidindo a sess\u00e3o.<\/p>\n<p>Com muita desenvoltura, Marcio Piu dirigiu a sess\u00e3o legislativa, colocando na ordem do dia importantes projetos de lei e indica\u00e7\u00f5es de autoria dos vereadores e do poder executivo.<\/p>\n<p>Ao Sudoeste Hoje, Piu revelou que se sentiu lisonjeado pelo desprendimento e confian\u00e7a do presidente da Casa, que delegou a ele t\u00e3o importante miss\u00e3o.<\/p>\n<p><strong><em>Por Davi Ferraz\u00a0<\/em><\/strong><\/p>\n","protected":false},"excerpt":{"rendered":"<p>Em virtude da aus\u00eancia justificada do presidente Eliomar Barreira &#8216;Tarug\u00e3o&#8217;, que viajou \u00e0 capital do Estado para participar de uma audi\u00eancia p\u00fablica sobre a barragem do Rio Catol\u00e9, a convite do Minist\u00e9rio P\u00fablico Regional do Meio Ambiente, o vice-presidente da c\u00e2mara, vereador Marcio Piu, assumiu os trabalhos nesta quarta-feira (13), presidindo a sess\u00e3o. Com muita [&hellip;]<\/p>\n","protected":false},"author":2,"featured_media":67743,"comment_status":"open","ping_status":"open","sticky":false,"template":"","format":"standard","meta":{"footnotes":"","_links_to":"","_links_to_target":""},"categories":[1],"tags":[],"class_list":["post-67742","post","type-post","status-publish","format-standard","has-post-thumbnail","hentry","category-geral"],"views":1075,"_links":{"self":[{"href":"https:\/\/www.sudoestehoje.com.br\/novoportal\/wp-json\/wp\/v2\/posts\/67742","targetHints":{"allow":["GET"]}}],"collection":[{"href":"https:\/\/www.sudoestehoje.com.br\/novoportal\/wp-json\/wp\/v2\/posts"}],"about":[{"href":"https:\/\/www.sudoestehoje.com.br\/novoportal\/wp-json\/wp\/v2\/types\/post"}],"author":[{"embeddable":true,"href":"https:\/\/www.sudoestehoje.com.br\/novoportal\/wp-json\/wp\/v2\/users\/2"}],"replies":[{"embeddable":true,"href":"https:\/\/www.sudoestehoje.com.br\/novoportal\/wp-json\/wp\/v2\/comments?post=67742"}],"version-history":[{"count":1,"href":"https:\/\/www.sudoestehoje.com.br\/novoportal\/wp-json\/wp\/v2\/posts\/67742\/revisions"}],"predecessor-version":[{"id":67745,"href":"https:\/\/www.sudoestehoje.com.br\/novoportal\/wp-json\/wp\/v2\/posts\/67742\/revisions\/67745"}],"wp:featuredmedia":[{"embeddable":true,"href":"https:\/\/www.sudoestehoje.com.br\/novoportal\/wp-json\/wp\/v2\/media\/67743"}],"wp:attachment":[{"href":"https:\/\/www.sudoestehoje.com.br\/novoportal\/wp-json\/wp\/v2\/media?parent=67742"}],"wp:term":[{"taxonomy":"category","embeddable":true,"href":"https:\/\/www.sudoestehoje.com.br\/novoportal\/wp-json\/wp\/v2\/categories?post=67742"},{"taxonomy":"post_tag","embeddable":true,"href":"https:\/\/www.sudoestehoje.com.br\/novoportal\/wp-json\/wp\/v2\/tags?post=67742"}],"curies":[{"name":"wp","href":"https:\/\/api.w.org\/{rel}","templated":true}]}}