
{"id":67705,"date":"2017-09-12T19:55:46","date_gmt":"2017-09-12T22:55:46","guid":{"rendered":"http:\/\/www.sudoestehoje.com.br\/novoportal\/?p=67705"},"modified":"2017-09-12T19:55:46","modified_gmt":"2017-09-12T22:55:46","slug":"prefeito-de-conquista-defende-entrada-de-imbassahy-e-volta-de-arthur-maia-ao-pmdb","status":"publish","type":"post","link":"https:\/\/www.sudoestehoje.com.br\/novoportal\/2017\/09\/12\/prefeito-de-conquista-defende-entrada-de-imbassahy-e-volta-de-arthur-maia-ao-pmdb\/","title":{"rendered":"PREFEITO DE CONQUISTA DEFENDE ENTRADA DE IMBASSAHY E VOLTA DE ARTHUR MAIA AO PMDB"},"content":{"rendered":"<p><a href=\"http:\/\/www.sudoestehoje.com.br\/novoportal\/wp-content\/uploads\/2017\/09\/001.jpg\"><img loading=\"lazy\" decoding=\"async\" class=\"aligncenter size-medium wp-image-67707\" src=\"http:\/\/www.sudoestehoje.com.br\/novoportal\/wp-content\/uploads\/2017\/09\/001-500x282.jpg\" alt=\"\" width=\"500\" height=\"282\" srcset=\"https:\/\/www.sudoestehoje.com.br\/novoportal\/wp-content\/uploads\/2017\/09\/001-500x282.jpg 500w, https:\/\/www.sudoestehoje.com.br\/novoportal\/wp-content\/uploads\/2017\/09\/001-768x433.jpg 768w, https:\/\/www.sudoestehoje.com.br\/novoportal\/wp-content\/uploads\/2017\/09\/001-700x395.jpg 700w, https:\/\/www.sudoestehoje.com.br\/novoportal\/wp-content\/uploads\/2017\/09\/001.jpg 800w\" sizes=\"auto, (max-width: 500px) 100vw, 500px\" \/><\/a><\/p>\n<p>O PMDB baiano est\u00e1 tentando amenizar a crise que se abateu sobre o partido nos \u00faltimos dias, ap\u00f3s a nova pris\u00e3o de Geddel Vieira Lima e tamb\u00e9m do correligion\u00e1rio Gustavo Ferraz, na \u00faltima sexta-feira (8). Nesta ter\u00e7a (12), figuras do partido se reuniram em Salvador para discutir a situa\u00e7\u00e3o na sigla.<\/p>\n<p>O presidente estadual da agremia\u00e7\u00e3o, Pedro Tavares, que assumiu o posto ap\u00f3s o afastamento de Geddel, deve convocar para pr\u00f3xima semana uma reuni\u00e3o da executiva estadual peemedebista. Na reuni\u00e3o desta ter\u00e7a, o prefeito de Vit\u00f3ria da Conquista, Herzem Gusm\u00e3o, defendeu a entrada de figuras como o ministro da Secretaria de Governo, Antonio Imbassahy, o deputado federal Arthur Oliveira Maia (PPS) na sigla e o prefeito de Feira de Santana, Jos\u00e9 Ronaldo (DEM), na sigla. De acordo com ele, os ingressos podem ajudar a fortalecer o partido.<\/p>\n<p>\u201cAl\u00e9m do ministro Imbassahy e do prefeito de Feira, que j\u00e1 v\u00eam sendo falados, chegou at\u00e9 mim tamb\u00e9m o interesse do ex-governador Nilo Coelho, de Arthur Maia e tamb\u00e9m do deputado Benito Gama \u201c, afirmou Herzem, em entrevista ao Bahia Not\u00edcias.<\/p>\n<p>O prefeito tamb\u00e9m defendeu a lideran\u00e7a do deputado federal L\u00facio Vieira Lima, que atualmente preside o diret\u00f3rio do PMDB em Salvador. Internamente, figuras da sigla t\u00eam defendido o afastamento dele do posto, como forma de retirar o comando da agremia\u00e7\u00e3o das m\u00e3os dos Vieira Lima. \u201cA presen\u00e7a de L\u00facio \u00e9 fundamental\u201d, declarou.<\/p>\n","protected":false},"excerpt":{"rendered":"<p>O PMDB baiano est\u00e1 tentando amenizar a crise que se abateu sobre o partido nos \u00faltimos dias, ap\u00f3s a nova pris\u00e3o de Geddel Vieira Lima e tamb\u00e9m do correligion\u00e1rio Gustavo Ferraz, na \u00faltima sexta-feira (8). Nesta ter\u00e7a (12), figuras do partido se reuniram em Salvador para discutir a situa\u00e7\u00e3o na sigla. O presidente estadual da [&hellip;]<\/p>\n","protected":false},"author":2,"featured_media":67707,"comment_status":"open","ping_status":"open","sticky":false,"template":"","format":"standard","meta":{"footnotes":"","_links_to":"","_links_to_target":""},"categories":[1],"tags":[],"class_list":["post-67705","post","type-post","status-publish","format-standard","has-post-thumbnail","hentry","category-geral"],"views":1381,"_links":{"self":[{"href":"https:\/\/www.sudoestehoje.com.br\/novoportal\/wp-json\/wp\/v2\/posts\/67705","targetHints":{"allow":["GET"]}}],"collection":[{"href":"https:\/\/www.sudoestehoje.com.br\/novoportal\/wp-json\/wp\/v2\/posts"}],"about":[{"href":"https:\/\/www.sudoestehoje.com.br\/novoportal\/wp-json\/wp\/v2\/types\/post"}],"author":[{"embeddable":true,"href":"https:\/\/www.sudoestehoje.com.br\/novoportal\/wp-json\/wp\/v2\/users\/2"}],"replies":[{"embeddable":true,"href":"https:\/\/www.sudoestehoje.com.br\/novoportal\/wp-json\/wp\/v2\/comments?post=67705"}],"version-history":[{"count":2,"href":"https:\/\/www.sudoestehoje.com.br\/novoportal\/wp-json\/wp\/v2\/posts\/67705\/revisions"}],"predecessor-version":[{"id":67708,"href":"https:\/\/www.sudoestehoje.com.br\/novoportal\/wp-json\/wp\/v2\/posts\/67705\/revisions\/67708"}],"wp:featuredmedia":[{"embeddable":true,"href":"https:\/\/www.sudoestehoje.com.br\/novoportal\/wp-json\/wp\/v2\/media\/67707"}],"wp:attachment":[{"href":"https:\/\/www.sudoestehoje.com.br\/novoportal\/wp-json\/wp\/v2\/media?parent=67705"}],"wp:term":[{"taxonomy":"category","embeddable":true,"href":"https:\/\/www.sudoestehoje.com.br\/novoportal\/wp-json\/wp\/v2\/categories?post=67705"},{"taxonomy":"post_tag","embeddable":true,"href":"https:\/\/www.sudoestehoje.com.br\/novoportal\/wp-json\/wp\/v2\/tags?post=67705"}],"curies":[{"name":"wp","href":"https:\/\/api.w.org\/{rel}","templated":true}]}}