
{"id":67680,"date":"2017-09-10T19:37:29","date_gmt":"2017-09-10T22:37:29","guid":{"rendered":"http:\/\/www.sudoestehoje.com.br\/novoportal\/?p=67680"},"modified":"2017-09-10T19:37:29","modified_gmt":"2017-09-10T22:37:29","slug":"bahia-jose-ronaldo-admite-possibilidade-de-ser-candidato-a-vice-de-acm-neto","status":"publish","type":"post","link":"https:\/\/www.sudoestehoje.com.br\/novoportal\/2017\/09\/10\/bahia-jose-ronaldo-admite-possibilidade-de-ser-candidato-a-vice-de-acm-neto\/","title":{"rendered":"BAHIA: JOS\u00c9 RONALDO ADMITE POSSIBILIDADE DE SER CANDIDATO A VICE DE ACM NETO"},"content":{"rendered":"<div id=\"attachment_67682\" style=\"width: 513px\" class=\"wp-caption aligncenter\"><a href=\"http:\/\/www.sudoestehoje.com.br\/novoportal\/wp-content\/uploads\/2017\/09\/jose-ronaldo-admite-possibilidade-de-ser-candidato-a-vice-de-acm-neto-448x336.jpg\"><img loading=\"lazy\" decoding=\"async\" aria-describedby=\"caption-attachment-67682\" class=\" wp-image-67682\" src=\"http:\/\/www.sudoestehoje.com.br\/novoportal\/wp-content\/uploads\/2017\/09\/jose-ronaldo-admite-possibilidade-de-ser-candidato-a-vice-de-acm-neto-448x336.jpg\" alt=\"\" width=\"503\" height=\"377\" \/><\/a><p id=\"caption-attachment-67682\" class=\"wp-caption-text\"><strong>JOS\u00c9 RONALDO (DEM) \u00c9 PREFEITO DE FEIRA DE SANTANA E VEM SENDO COGITADO TAMB\u00c9M PARA DISPUTAR UMA VAGA AO SENADO, EM 2018.<\/strong><\/p><\/div>\n<p>O prefeito de Feira de Santana, Jos\u00e9 Ronaldo de Carvalho (Dem), admitiu a jornalistas a possibilidade de ser candidato a vice-governador na chapa que seria encabe\u00e7ado por ACM Neto em 2018.<\/p>\n<p>Para buscar \u201clastro\u201d eleitoral, Ronaldo j\u00e1 se movimenta em visitas a lideran\u00e7as pol\u00edticas do interior da Bahia. \u201cA possibilidade de ser candidato na chapa majorit\u00e1ria do ano que vem existe. Estou andando nos finais de semana e se essa for a vontade do povo, vou ser candidato\u201d, declarou o democrata, de acordo com o site De Olho Na Cidade.<\/p>\n<p>Apesar da possibilidade de Z\u00e9 Ronaldo como vice de Neto, h\u00e1 quem diga que cresce o espa\u00e7o para que Ronaldo seja candidato ao Senado com o desgaste e a pris\u00e3o do ex-ministro Geddel Vieira Lima. Seria uma aposta do Dem para o embate com os candidatos do grupo ligado a Rui Costa, do PT.<\/p>\n","protected":false},"excerpt":{"rendered":"<p>O prefeito de Feira de Santana, Jos\u00e9 Ronaldo de Carvalho (Dem), admitiu a jornalistas a possibilidade de ser candidato a vice-governador na chapa que seria encabe\u00e7ado por ACM Neto em 2018. Para buscar \u201clastro\u201d eleitoral, Ronaldo j\u00e1 se movimenta em visitas a lideran\u00e7as pol\u00edticas do interior da Bahia. \u201cA possibilidade de ser candidato na chapa [&hellip;]<\/p>\n","protected":false},"author":2,"featured_media":67682,"comment_status":"open","ping_status":"open","sticky":false,"template":"","format":"standard","meta":{"footnotes":"","_links_to":"","_links_to_target":""},"categories":[1],"tags":[],"class_list":["post-67680","post","type-post","status-publish","format-standard","has-post-thumbnail","hentry","category-geral"],"views":2276,"_links":{"self":[{"href":"https:\/\/www.sudoestehoje.com.br\/novoportal\/wp-json\/wp\/v2\/posts\/67680","targetHints":{"allow":["GET"]}}],"collection":[{"href":"https:\/\/www.sudoestehoje.com.br\/novoportal\/wp-json\/wp\/v2\/posts"}],"about":[{"href":"https:\/\/www.sudoestehoje.com.br\/novoportal\/wp-json\/wp\/v2\/types\/post"}],"author":[{"embeddable":true,"href":"https:\/\/www.sudoestehoje.com.br\/novoportal\/wp-json\/wp\/v2\/users\/2"}],"replies":[{"embeddable":true,"href":"https:\/\/www.sudoestehoje.com.br\/novoportal\/wp-json\/wp\/v2\/comments?post=67680"}],"version-history":[{"count":3,"href":"https:\/\/www.sudoestehoje.com.br\/novoportal\/wp-json\/wp\/v2\/posts\/67680\/revisions"}],"predecessor-version":[{"id":67684,"href":"https:\/\/www.sudoestehoje.com.br\/novoportal\/wp-json\/wp\/v2\/posts\/67680\/revisions\/67684"}],"wp:featuredmedia":[{"embeddable":true,"href":"https:\/\/www.sudoestehoje.com.br\/novoportal\/wp-json\/wp\/v2\/media\/67682"}],"wp:attachment":[{"href":"https:\/\/www.sudoestehoje.com.br\/novoportal\/wp-json\/wp\/v2\/media?parent=67680"}],"wp:term":[{"taxonomy":"category","embeddable":true,"href":"https:\/\/www.sudoestehoje.com.br\/novoportal\/wp-json\/wp\/v2\/categories?post=67680"},{"taxonomy":"post_tag","embeddable":true,"href":"https:\/\/www.sudoestehoje.com.br\/novoportal\/wp-json\/wp\/v2\/tags?post=67680"}],"curies":[{"name":"wp","href":"https:\/\/api.w.org\/{rel}","templated":true}]}}