
{"id":67674,"date":"2017-09-10T18:38:13","date_gmt":"2017-09-10T21:38:13","guid":{"rendered":"http:\/\/www.sudoestehoje.com.br\/novoportal\/?p=67674"},"modified":"2017-09-10T18:38:13","modified_gmt":"2017-09-10T21:38:13","slug":"joesley-batista-se-entrega-e-chora-ao-chegar-na-carceragem-da-policia-federal","status":"publish","type":"post","link":"https:\/\/www.sudoestehoje.com.br\/novoportal\/2017\/09\/10\/joesley-batista-se-entrega-e-chora-ao-chegar-na-carceragem-da-policia-federal\/","title":{"rendered":"JOESLEY BATISTA SE ENTREGA E CHORA AO CHEGAR NA CARCERAGEM DA POL\u00cdCIA FEDERAL"},"content":{"rendered":"<p><a href=\"http:\/\/www.sudoestehoje.com.br\/novoportal\/wp-content\/uploads\/2017\/09\/JOESLEY-PRESO.jpg\"><img loading=\"lazy\" decoding=\"async\" class=\"aligncenter size-medium wp-image-67678\" src=\"http:\/\/www.sudoestehoje.com.br\/novoportal\/wp-content\/uploads\/2017\/09\/JOESLEY-PRESO-500x281.jpg\" alt=\"\" width=\"500\" height=\"281\" srcset=\"https:\/\/www.sudoestehoje.com.br\/novoportal\/wp-content\/uploads\/2017\/09\/JOESLEY-PRESO-500x281.jpg 500w, https:\/\/www.sudoestehoje.com.br\/novoportal\/wp-content\/uploads\/2017\/09\/JOESLEY-PRESO.jpg 526w\" sizes=\"auto, (max-width: 500px) 100vw, 500px\" \/><\/a><\/p>\n<p>Com pris\u00e3o tempor\u00e1ria decretada pelo ministro Fachin, do STF, o dono da Friboi, Joesley Batista, juntamente como o executivo Ricardo Saub, se entregaram espontaneamente \u00e0 Pol\u00edcia Federal, em S\u00e3o Paulo, na tarde deste domingo.<\/p>\n<p>Segundo a Coluna do Estad\u00e3o, o delator Joesley Batista chorou no momento em que os agentes abriram a cela da carceragem da superintend\u00eancia da Pol\u00edcia Federal em S\u00e3o Paulo para que ele entrasse ap\u00f3s se entregar na tarde deste domingo.<\/p>\n<p>A Coluna apurou que Joesley e o executivo da JBS Ricardo Saud devem ser transferidos para Bras\u00edlia na segunda-feira, 10, em aeronave da Pol\u00edcia Federal.<\/p>\n<p>A pris\u00e3o \u00e9 tempor\u00e1ria, com prazo de cinco dias prorrog\u00e1veis por mais cinco, mas pode ser convertida em pris\u00e3o preventiva, mantendo os acusados presos por prazo indeterminado.<\/p>\n<p><strong><em>Por Davi Ferraz<\/em><\/strong><\/p>\n","protected":false},"excerpt":{"rendered":"<p>Com pris\u00e3o tempor\u00e1ria decretada pelo ministro Fachin, do STF, o dono da Friboi, Joesley Batista, juntamente como o executivo Ricardo Saub, se entregaram espontaneamente \u00e0 Pol\u00edcia Federal, em S\u00e3o Paulo, na tarde deste domingo. Segundo a Coluna do Estad\u00e3o, o delator Joesley Batista chorou no momento em que os agentes abriram a cela da carceragem [&hellip;]<\/p>\n","protected":false},"author":2,"featured_media":67678,"comment_status":"open","ping_status":"open","sticky":false,"template":"","format":"standard","meta":{"footnotes":"","_links_to":"","_links_to_target":""},"categories":[1],"tags":[],"class_list":["post-67674","post","type-post","status-publish","format-standard","has-post-thumbnail","hentry","category-geral"],"views":1556,"_links":{"self":[{"href":"https:\/\/www.sudoestehoje.com.br\/novoportal\/wp-json\/wp\/v2\/posts\/67674","targetHints":{"allow":["GET"]}}],"collection":[{"href":"https:\/\/www.sudoestehoje.com.br\/novoportal\/wp-json\/wp\/v2\/posts"}],"about":[{"href":"https:\/\/www.sudoestehoje.com.br\/novoportal\/wp-json\/wp\/v2\/types\/post"}],"author":[{"embeddable":true,"href":"https:\/\/www.sudoestehoje.com.br\/novoportal\/wp-json\/wp\/v2\/users\/2"}],"replies":[{"embeddable":true,"href":"https:\/\/www.sudoestehoje.com.br\/novoportal\/wp-json\/wp\/v2\/comments?post=67674"}],"version-history":[{"count":4,"href":"https:\/\/www.sudoestehoje.com.br\/novoportal\/wp-json\/wp\/v2\/posts\/67674\/revisions"}],"predecessor-version":[{"id":67679,"href":"https:\/\/www.sudoestehoje.com.br\/novoportal\/wp-json\/wp\/v2\/posts\/67674\/revisions\/67679"}],"wp:featuredmedia":[{"embeddable":true,"href":"https:\/\/www.sudoestehoje.com.br\/novoportal\/wp-json\/wp\/v2\/media\/67678"}],"wp:attachment":[{"href":"https:\/\/www.sudoestehoje.com.br\/novoportal\/wp-json\/wp\/v2\/media?parent=67674"}],"wp:term":[{"taxonomy":"category","embeddable":true,"href":"https:\/\/www.sudoestehoje.com.br\/novoportal\/wp-json\/wp\/v2\/categories?post=67674"},{"taxonomy":"post_tag","embeddable":true,"href":"https:\/\/www.sudoestehoje.com.br\/novoportal\/wp-json\/wp\/v2\/tags?post=67674"}],"curies":[{"name":"wp","href":"https:\/\/api.w.org\/{rel}","templated":true}]}}