
{"id":67660,"date":"2017-09-10T09:43:24","date_gmt":"2017-09-10T12:43:24","guid":{"rendered":"http:\/\/www.sudoestehoje.com.br\/novoportal\/?p=67660"},"modified":"2017-09-10T09:43:24","modified_gmt":"2017-09-10T12:43:24","slug":"fazendo-o-que-rodrigo-janot-e-advogado-de-joesley-sao-vistos-juntos-em-boteco","status":"publish","type":"post","link":"https:\/\/www.sudoestehoje.com.br\/novoportal\/2017\/09\/10\/fazendo-o-que-rodrigo-janot-e-advogado-de-joesley-sao-vistos-juntos-em-boteco\/","title":{"rendered":"FAZENDO O QUE? RODRIGO JANOT E ADVOGADO DE JOESLEY S\u00c3O VISTOS JUNTOS EM BOTECO"},"content":{"rendered":"<p><a href=\"http:\/\/www.sudoestehoje.com.br\/novoportal\/wp-content\/uploads\/2017\/09\/janot-e-pierpaolo-bottini.jpg\"><img loading=\"lazy\" decoding=\"async\" class=\"aligncenter size-medium wp-image-67661\" src=\"http:\/\/www.sudoestehoje.com.br\/novoportal\/wp-content\/uploads\/2017\/09\/janot-e-pierpaolo-bottini-500x358.jpg\" alt=\"\" width=\"500\" height=\"358\" srcset=\"https:\/\/www.sudoestehoje.com.br\/novoportal\/wp-content\/uploads\/2017\/09\/janot-e-pierpaolo-bottini-500x358.jpg 500w, https:\/\/www.sudoestehoje.com.br\/novoportal\/wp-content\/uploads\/2017\/09\/janot-e-pierpaolo-bottini.jpg 600w\" sizes=\"auto, (max-width: 500px) 100vw, 500px\" \/><\/a><\/p>\n<p>O procurador-geral da Rep\u00fablica Rodrigo Janot foi flagrado durante um encontro com o advogado Pierpaolo Bottini, que defende o empres\u00e1rio Joesley Batista, da JBS, neste s\u00e1bado (9), em um boteco em Bras\u00edlia. Como no fat\u00eddico encontro de Joesley com Temer, este tamb\u00e9m n\u00e3o estava assinalado na agenda oficial.<\/p>\n<p>Segundo o site \u201cAntagonista\u201d, Janot e Bottini conversaram por cerca de 20 minutos. Os dois estavam em uma mesa ao lado de uma pilha de caixas de cerveja. Ao site, o advogado de Joesley declarou: \u201cNa minha \u00faltima ida a Bras\u00edlia, este fim de semana, cruzei casualmente com o procurador-geral da Rep\u00fablica, Rodrigo Janot, num local p\u00fablico e frequentado da capital. Por uma quest\u00e3o de gentileza, nos cumprimentamos e trocamos algumas palavras, de forma cordial. N\u00e3o tratamos de qualquer quest\u00e3o outra ou afeita a temas jur\u00eddicos. Foi uma demonstra\u00e7\u00e3o de que as diferen\u00e7as no campo judicial n\u00e3o devem extrapolar para a aus\u00eancia de cordialidade no plano das rela\u00e7\u00f5es pessoais\u201d.<\/p>\n<p>Na manh\u00e3 deste s\u00e1bado (10), o ministro do Supremo Tribunal Federal Luiz Edson Fachin acatou o pedido de pris\u00e3o tempor\u00e1ria dos delatores da J&amp;F Joesley Batista e Ricardo Saud, apresentado na sexta-feira (8) pelo mesmo procurador-geral da Rep\u00fablica, Rodrigo Janot.<\/p>\n","protected":false},"excerpt":{"rendered":"<p>O procurador-geral da Rep\u00fablica Rodrigo Janot foi flagrado durante um encontro com o advogado Pierpaolo Bottini, que defende o empres\u00e1rio Joesley Batista, da JBS, neste s\u00e1bado (9), em um boteco em Bras\u00edlia. Como no fat\u00eddico encontro de Joesley com Temer, este tamb\u00e9m n\u00e3o estava assinalado na agenda oficial. Segundo o site \u201cAntagonista\u201d, Janot e Bottini [&hellip;]<\/p>\n","protected":false},"author":2,"featured_media":67661,"comment_status":"open","ping_status":"open","sticky":false,"template":"","format":"standard","meta":{"footnotes":"","_links_to":"","_links_to_target":""},"categories":[1],"tags":[],"class_list":["post-67660","post","type-post","status-publish","format-standard","has-post-thumbnail","hentry","category-geral"],"views":1073,"_links":{"self":[{"href":"https:\/\/www.sudoestehoje.com.br\/novoportal\/wp-json\/wp\/v2\/posts\/67660","targetHints":{"allow":["GET"]}}],"collection":[{"href":"https:\/\/www.sudoestehoje.com.br\/novoportal\/wp-json\/wp\/v2\/posts"}],"about":[{"href":"https:\/\/www.sudoestehoje.com.br\/novoportal\/wp-json\/wp\/v2\/types\/post"}],"author":[{"embeddable":true,"href":"https:\/\/www.sudoestehoje.com.br\/novoportal\/wp-json\/wp\/v2\/users\/2"}],"replies":[{"embeddable":true,"href":"https:\/\/www.sudoestehoje.com.br\/novoportal\/wp-json\/wp\/v2\/comments?post=67660"}],"version-history":[{"count":1,"href":"https:\/\/www.sudoestehoje.com.br\/novoportal\/wp-json\/wp\/v2\/posts\/67660\/revisions"}],"predecessor-version":[{"id":67662,"href":"https:\/\/www.sudoestehoje.com.br\/novoportal\/wp-json\/wp\/v2\/posts\/67660\/revisions\/67662"}],"wp:featuredmedia":[{"embeddable":true,"href":"https:\/\/www.sudoestehoje.com.br\/novoportal\/wp-json\/wp\/v2\/media\/67661"}],"wp:attachment":[{"href":"https:\/\/www.sudoestehoje.com.br\/novoportal\/wp-json\/wp\/v2\/media?parent=67660"}],"wp:term":[{"taxonomy":"category","embeddable":true,"href":"https:\/\/www.sudoestehoje.com.br\/novoportal\/wp-json\/wp\/v2\/categories?post=67660"},{"taxonomy":"post_tag","embeddable":true,"href":"https:\/\/www.sudoestehoje.com.br\/novoportal\/wp-json\/wp\/v2\/tags?post=67660"}],"curies":[{"name":"wp","href":"https:\/\/api.w.org\/{rel}","templated":true}]}}