
{"id":67657,"date":"2017-09-09T23:02:23","date_gmt":"2017-09-10T02:02:23","guid":{"rendered":"http:\/\/www.sudoestehoje.com.br\/novoportal\/?p=67657"},"modified":"2017-09-09T23:02:23","modified_gmt":"2017-09-10T02:02:23","slug":"bahia-idosa-de-86-anos-morre-em-acidente-de-carro-na-br-324","status":"publish","type":"post","link":"https:\/\/www.sudoestehoje.com.br\/novoportal\/2017\/09\/09\/bahia-idosa-de-86-anos-morre-em-acidente-de-carro-na-br-324\/","title":{"rendered":"BAHIA: IDOSA DE 86 ANOS MORRE EM ACIDENTE DE CARRO NA BR-324"},"content":{"rendered":"<p><a href=\"http:\/\/www.sudoestehoje.com.br\/novoportal\/wp-content\/uploads\/2017\/09\/colis\u00e3o.jpg\"><img loading=\"lazy\" decoding=\"async\" class=\"aligncenter size-medium wp-image-67658\" src=\"http:\/\/www.sudoestehoje.com.br\/novoportal\/wp-content\/uploads\/2017\/09\/colis\u00e3o-500x281.jpg\" alt=\"\" width=\"500\" height=\"281\" srcset=\"https:\/\/www.sudoestehoje.com.br\/novoportal\/wp-content\/uploads\/2017\/09\/colis\u00e3o-500x281.jpg 500w, https:\/\/www.sudoestehoje.com.br\/novoportal\/wp-content\/uploads\/2017\/09\/colis\u00e3o-768x431.jpg 768w, https:\/\/www.sudoestehoje.com.br\/novoportal\/wp-content\/uploads\/2017\/09\/colis\u00e3o-700x393.jpg 700w, https:\/\/www.sudoestehoje.com.br\/novoportal\/wp-content\/uploads\/2017\/09\/colis\u00e3o.jpg 890w\" sizes=\"auto, (max-width: 500px) 100vw, 500px\" \/><\/a><\/p>\n<p>A colis\u00e3o entre dois ve\u00edculos deixou uma pessoa morta e mais cinco feridas na BR-324, entre os munic\u00edpios de Tanquinho e Riach\u00e3o do Jacu\u00edpe, na manh\u00e3 deste s\u00e1bado (9). Segundo a Pol\u00edcia Rodovi\u00e1ria Federal, o acidente envolvendo um P\u00e1lio branco, com placa de Concei\u00e7\u00e3o do Coit\u00e9, e um Astra azul, com licen\u00e7a de S\u00e3o Paulo, aconteceu por volta das 11h30.<\/p>\n<p>A idosa Cec\u00edlia Pereira da Silva, de 86 anos, que estava no banco de tr\u00e1s do Astra morreu no local. Ainda estavam no ve\u00edculo Genildes Ferreira de Sales, 53; Ka\u00edque Ubiratan Pereira Borges, 39;\u00a0 Ubaldo J\u00falio G\u00f3es de S\u00e1, 57, e a crian\u00e7a Ana J\u00falia Ferreira Ara\u00fajo, de apenas 4 anos.<\/p>\n<p>Todos os feridos, incluindo o motorista do P\u00e1lio, que n\u00e3o teve a identidade divulgada, foram socorridos para o Hospital Municipal de Tanquinho. Em estado grave, Genildes precisou ser\u00a0socorrida para um hospital em Salvador. Conforme a PRF, o acidente pode ter sido provocado por uma ultrapassagem indevida realizada pelo condutor do Astra.<\/p>\n","protected":false},"excerpt":{"rendered":"<p>A colis\u00e3o entre dois ve\u00edculos deixou uma pessoa morta e mais cinco feridas na BR-324, entre os munic\u00edpios de Tanquinho e Riach\u00e3o do Jacu\u00edpe, na manh\u00e3 deste s\u00e1bado (9). Segundo a Pol\u00edcia Rodovi\u00e1ria Federal, o acidente envolvendo um P\u00e1lio branco, com placa de Concei\u00e7\u00e3o do Coit\u00e9, e um Astra azul, com licen\u00e7a de S\u00e3o Paulo, [&hellip;]<\/p>\n","protected":false},"author":2,"featured_media":67658,"comment_status":"open","ping_status":"open","sticky":false,"template":"","format":"standard","meta":{"footnotes":"","_links_to":"","_links_to_target":""},"categories":[1],"tags":[],"class_list":["post-67657","post","type-post","status-publish","format-standard","has-post-thumbnail","hentry","category-geral"],"views":3334,"_links":{"self":[{"href":"https:\/\/www.sudoestehoje.com.br\/novoportal\/wp-json\/wp\/v2\/posts\/67657","targetHints":{"allow":["GET"]}}],"collection":[{"href":"https:\/\/www.sudoestehoje.com.br\/novoportal\/wp-json\/wp\/v2\/posts"}],"about":[{"href":"https:\/\/www.sudoestehoje.com.br\/novoportal\/wp-json\/wp\/v2\/types\/post"}],"author":[{"embeddable":true,"href":"https:\/\/www.sudoestehoje.com.br\/novoportal\/wp-json\/wp\/v2\/users\/2"}],"replies":[{"embeddable":true,"href":"https:\/\/www.sudoestehoje.com.br\/novoportal\/wp-json\/wp\/v2\/comments?post=67657"}],"version-history":[{"count":1,"href":"https:\/\/www.sudoestehoje.com.br\/novoportal\/wp-json\/wp\/v2\/posts\/67657\/revisions"}],"predecessor-version":[{"id":67659,"href":"https:\/\/www.sudoestehoje.com.br\/novoportal\/wp-json\/wp\/v2\/posts\/67657\/revisions\/67659"}],"wp:featuredmedia":[{"embeddable":true,"href":"https:\/\/www.sudoestehoje.com.br\/novoportal\/wp-json\/wp\/v2\/media\/67658"}],"wp:attachment":[{"href":"https:\/\/www.sudoestehoje.com.br\/novoportal\/wp-json\/wp\/v2\/media?parent=67657"}],"wp:term":[{"taxonomy":"category","embeddable":true,"href":"https:\/\/www.sudoestehoje.com.br\/novoportal\/wp-json\/wp\/v2\/categories?post=67657"},{"taxonomy":"post_tag","embeddable":true,"href":"https:\/\/www.sudoestehoje.com.br\/novoportal\/wp-json\/wp\/v2\/tags?post=67657"}],"curies":[{"name":"wp","href":"https:\/\/api.w.org\/{rel}","templated":true}]}}