
{"id":67648,"date":"2017-09-08T23:19:58","date_gmt":"2017-09-09T02:19:58","guid":{"rendered":"http:\/\/www.sudoestehoje.com.br\/novoportal\/?p=67648"},"modified":"2017-09-08T23:19:58","modified_gmt":"2017-09-09T02:19:58","slug":"juazeiro-menino-morre-afogado-no-rio-sao-francisco-apos-desfile-de-7-de-setembro","status":"publish","type":"post","link":"https:\/\/www.sudoestehoje.com.br\/novoportal\/2017\/09\/08\/juazeiro-menino-morre-afogado-no-rio-sao-francisco-apos-desfile-de-7-de-setembro\/","title":{"rendered":"JUAZEIRO: MENINO MORRE AFOGADO NO RIO S\u00c3O FRANCISCO AP\u00d3S DESFILE DE 7 DE SETEMBRO"},"content":{"rendered":"<p><a href=\"http:\/\/www.sudoestehoje.com.br\/novoportal\/wp-content\/uploads\/2017\/09\/AFOGADO-JUAZEIRO.jpg\"><img loading=\"lazy\" decoding=\"async\" class=\"aligncenter size-medium wp-image-67650\" src=\"http:\/\/www.sudoestehoje.com.br\/novoportal\/wp-content\/uploads\/2017\/09\/AFOGADO-JUAZEIRO-500x302.jpg\" alt=\"\" width=\"500\" height=\"302\" srcset=\"https:\/\/www.sudoestehoje.com.br\/novoportal\/wp-content\/uploads\/2017\/09\/AFOGADO-JUAZEIRO-500x302.jpg 500w, https:\/\/www.sudoestehoje.com.br\/novoportal\/wp-content\/uploads\/2017\/09\/AFOGADO-JUAZEIRO.jpg 529w\" sizes=\"auto, (max-width: 500px) 100vw, 500px\" \/><\/a><\/p>\n<p>Na tarde dessa quinta-feira (7) uma crian\u00e7a morreu afogada no Rio S\u00e3o Francisco, nas proximidades da \u00e1rea onde fica localizada as bombas de capta\u00e7\u00e3o de \u00e1gua do SAAE, conhecida por Prainha na cidade de Juazeiro no norte baiano.<\/p>\n<p>Segundo informa\u00e7\u00f5es, a crian\u00e7a de onze anos estaria se banhando nas \u00e1guas do Velho Chico quando se afogou. A vitima foi identificada como Diego Francisco e era morador do Residencial Praia do Rodeadouro.\u00a0O corpo de Bombeiros foi acionado e conseguiu resgatar o corpo da crian\u00e7a.<\/p>\n<p>Prepostos do IML foram at\u00e9 o local e encaminharam o corpo at\u00e9 o setor de necropsias da unidade. Diego Francisco foi ao local com familiares logo ap\u00f3s assistir o desfile em comemora\u00e7\u00e3o ao dia da Independ\u00eancia do Brasil.<\/p>\n","protected":false},"excerpt":{"rendered":"<p>Na tarde dessa quinta-feira (7) uma crian\u00e7a morreu afogada no Rio S\u00e3o Francisco, nas proximidades da \u00e1rea onde fica localizada as bombas de capta\u00e7\u00e3o de \u00e1gua do SAAE, conhecida por Prainha na cidade de Juazeiro no norte baiano. Segundo informa\u00e7\u00f5es, a crian\u00e7a de onze anos estaria se banhando nas \u00e1guas do Velho Chico quando se [&hellip;]<\/p>\n","protected":false},"author":2,"featured_media":67650,"comment_status":"open","ping_status":"open","sticky":false,"template":"","format":"standard","meta":{"footnotes":"","_links_to":"","_links_to_target":""},"categories":[1],"tags":[],"class_list":["post-67648","post","type-post","status-publish","format-standard","has-post-thumbnail","hentry","category-geral"],"views":5820,"_links":{"self":[{"href":"https:\/\/www.sudoestehoje.com.br\/novoportal\/wp-json\/wp\/v2\/posts\/67648","targetHints":{"allow":["GET"]}}],"collection":[{"href":"https:\/\/www.sudoestehoje.com.br\/novoportal\/wp-json\/wp\/v2\/posts"}],"about":[{"href":"https:\/\/www.sudoestehoje.com.br\/novoportal\/wp-json\/wp\/v2\/types\/post"}],"author":[{"embeddable":true,"href":"https:\/\/www.sudoestehoje.com.br\/novoportal\/wp-json\/wp\/v2\/users\/2"}],"replies":[{"embeddable":true,"href":"https:\/\/www.sudoestehoje.com.br\/novoportal\/wp-json\/wp\/v2\/comments?post=67648"}],"version-history":[{"count":2,"href":"https:\/\/www.sudoestehoje.com.br\/novoportal\/wp-json\/wp\/v2\/posts\/67648\/revisions"}],"predecessor-version":[{"id":67651,"href":"https:\/\/www.sudoestehoje.com.br\/novoportal\/wp-json\/wp\/v2\/posts\/67648\/revisions\/67651"}],"wp:featuredmedia":[{"embeddable":true,"href":"https:\/\/www.sudoestehoje.com.br\/novoportal\/wp-json\/wp\/v2\/media\/67650"}],"wp:attachment":[{"href":"https:\/\/www.sudoestehoje.com.br\/novoportal\/wp-json\/wp\/v2\/media?parent=67648"}],"wp:term":[{"taxonomy":"category","embeddable":true,"href":"https:\/\/www.sudoestehoje.com.br\/novoportal\/wp-json\/wp\/v2\/categories?post=67648"},{"taxonomy":"post_tag","embeddable":true,"href":"https:\/\/www.sudoestehoje.com.br\/novoportal\/wp-json\/wp\/v2\/tags?post=67648"}],"curies":[{"name":"wp","href":"https:\/\/api.w.org\/{rel}","templated":true}]}}