
{"id":67645,"date":"2017-09-08T22:43:13","date_gmt":"2017-09-09T01:43:13","guid":{"rendered":"http:\/\/www.sudoestehoje.com.br\/novoportal\/?p=67645"},"modified":"2017-09-08T22:43:13","modified_gmt":"2017-09-09T01:43:13","slug":"acm-neto-exonera-diretor-da-codesal-apos-prisao-ao-lado-de-geddel","status":"publish","type":"post","link":"https:\/\/www.sudoestehoje.com.br\/novoportal\/2017\/09\/08\/acm-neto-exonera-diretor-da-codesal-apos-prisao-ao-lado-de-geddel\/","title":{"rendered":"ACM NETO EXONERA DIRETOR DA CODESAL, AP\u00d3S PRIS\u00c3O AO LADO DE GEDDEL"},"content":{"rendered":"<div id=\"attachment_67646\" style=\"width: 510px\" class=\"wp-caption aligncenter\"><a href=\"http:\/\/www.sudoestehoje.com.br\/novoportal\/wp-content\/uploads\/2017\/09\/acm-neto-bruno-e-gustavo-ferraz-580x315.jpg\"><img loading=\"lazy\" decoding=\"async\" aria-describedby=\"caption-attachment-67646\" class=\"size-medium wp-image-67646\" src=\"http:\/\/www.sudoestehoje.com.br\/novoportal\/wp-content\/uploads\/2017\/09\/acm-neto-bruno-e-gustavo-ferraz-580x315-500x272.jpg\" alt=\"\" width=\"500\" height=\"272\" srcset=\"https:\/\/www.sudoestehoje.com.br\/novoportal\/wp-content\/uploads\/2017\/09\/acm-neto-bruno-e-gustavo-ferraz-580x315-500x272.jpg 500w, https:\/\/www.sudoestehoje.com.br\/novoportal\/wp-content\/uploads\/2017\/09\/acm-neto-bruno-e-gustavo-ferraz-580x315.jpg 580w\" sizes=\"auto, (max-width: 500px) 100vw, 500px\" \/><\/a><p id=\"caption-attachment-67646\" class=\"wp-caption-text\">ACM Neto exonerou Gustavo Ferraz (de barba) do comando da Codesal || Foto Pol\u00edtica Livre<\/p><\/div>\n<p>O prefeito ACM Neto exonerou Gustavo Ferraz do comando da Coordenadoria de Defesa Civil de Salvador (Codesal), ap\u00f3s o peemedebista ser preso, nesta manh\u00e3 de sexta (8), pela Pol\u00edcia Federal. Digitais de Gustavo foram encontradas em sacos pl\u00e1sticos usados para embalar os mais de R$ 51 milh\u00f5es do ex-ministro e ex-deputado federal Geddel Vieira Lima.<\/p>\n<p>H\u00e1 pouco, a Prefeitura de Salvador emitiu nota em que confirma a exonera\u00e7\u00e3o de Gustavo. O coordenador foi preso a pedido do Minist\u00e9rio P\u00fablico Federal (MPF). <em>\u201cA Prefeitura de Salvador n\u00e3o compactua com nenhum ato il\u00edcito e qualquer servidor municipal envolvido em quest\u00f5es dessa natureza ter\u00e1 que responder na Justi\u00e7a\u201d<\/em>, cita a nota.<\/p>\n","protected":false},"excerpt":{"rendered":"<p>O prefeito ACM Neto exonerou Gustavo Ferraz do comando da Coordenadoria de Defesa Civil de Salvador (Codesal), ap\u00f3s o peemedebista ser preso, nesta manh\u00e3 de sexta (8), pela Pol\u00edcia Federal. Digitais de Gustavo foram encontradas em sacos pl\u00e1sticos usados para embalar os mais de R$ 51 milh\u00f5es do ex-ministro e ex-deputado federal Geddel Vieira Lima. [&hellip;]<\/p>\n","protected":false},"author":2,"featured_media":67646,"comment_status":"open","ping_status":"open","sticky":false,"template":"","format":"standard","meta":{"footnotes":"","_links_to":"","_links_to_target":""},"categories":[1],"tags":[],"class_list":["post-67645","post","type-post","status-publish","format-standard","has-post-thumbnail","hentry","category-geral"],"views":1498,"_links":{"self":[{"href":"https:\/\/www.sudoestehoje.com.br\/novoportal\/wp-json\/wp\/v2\/posts\/67645","targetHints":{"allow":["GET"]}}],"collection":[{"href":"https:\/\/www.sudoestehoje.com.br\/novoportal\/wp-json\/wp\/v2\/posts"}],"about":[{"href":"https:\/\/www.sudoestehoje.com.br\/novoportal\/wp-json\/wp\/v2\/types\/post"}],"author":[{"embeddable":true,"href":"https:\/\/www.sudoestehoje.com.br\/novoportal\/wp-json\/wp\/v2\/users\/2"}],"replies":[{"embeddable":true,"href":"https:\/\/www.sudoestehoje.com.br\/novoportal\/wp-json\/wp\/v2\/comments?post=67645"}],"version-history":[{"count":1,"href":"https:\/\/www.sudoestehoje.com.br\/novoportal\/wp-json\/wp\/v2\/posts\/67645\/revisions"}],"predecessor-version":[{"id":67647,"href":"https:\/\/www.sudoestehoje.com.br\/novoportal\/wp-json\/wp\/v2\/posts\/67645\/revisions\/67647"}],"wp:featuredmedia":[{"embeddable":true,"href":"https:\/\/www.sudoestehoje.com.br\/novoportal\/wp-json\/wp\/v2\/media\/67646"}],"wp:attachment":[{"href":"https:\/\/www.sudoestehoje.com.br\/novoportal\/wp-json\/wp\/v2\/media?parent=67645"}],"wp:term":[{"taxonomy":"category","embeddable":true,"href":"https:\/\/www.sudoestehoje.com.br\/novoportal\/wp-json\/wp\/v2\/categories?post=67645"},{"taxonomy":"post_tag","embeddable":true,"href":"https:\/\/www.sudoestehoje.com.br\/novoportal\/wp-json\/wp\/v2\/tags?post=67645"}],"curies":[{"name":"wp","href":"https:\/\/api.w.org\/{rel}","templated":true}]}}