
{"id":67641,"date":"2017-09-08T07:43:55","date_gmt":"2017-09-08T10:43:55","guid":{"rendered":"http:\/\/www.sudoestehoje.com.br\/novoportal\/?p=67641"},"modified":"2017-09-08T07:43:55","modified_gmt":"2017-09-08T10:43:55","slug":"urgente-geddel-e-preso-pela-policia-federal","status":"publish","type":"post","link":"https:\/\/www.sudoestehoje.com.br\/novoportal\/2017\/09\/08\/urgente-geddel-e-preso-pela-policia-federal\/","title":{"rendered":"URGENTE: GEDDEL \u00c9 PRESO PELA POL\u00cdCIA FEDERAL"},"content":{"rendered":"<p><a href=\"http:\/\/www.sudoestehoje.com.br\/novoportal\/wp-content\/uploads\/2017\/09\/pris\u00e3o-geddel.jpg\"><img loading=\"lazy\" decoding=\"async\" class=\"aligncenter  wp-image-67642\" src=\"http:\/\/www.sudoestehoje.com.br\/novoportal\/wp-content\/uploads\/2017\/09\/pris\u00e3o-geddel.jpg\" alt=\"\" width=\"501\" height=\"369\" \/><\/a><\/p>\n<p>O ex-ministro Geddel Vieira Liima deixou o apartamento onde mora, em Salvador, no bairro da Gra\u00e7a, acompanhado da Pol\u00edcia Federal. Aindsa n\u00e3o h\u00e1 detalhes para onde ele foi levado. Agentes da PF chegaram nas primeiras horas de hoje na casa do pemedebista, por volta das 5h40. Duas testemunhas ja est\u00e3o sendo ouvidas. Entre elas, o porteiro do pr\u00e9dio. Geddel foi preso ap\u00f3s decis\u00e3o da 10\u00aa Vara Federal de Bras\u00edlia, que expediu a pris\u00e3o preventiva do pol\u00edtico.<\/p>\n<p>Ainda n\u00e3o ha detalhes sobre a a\u00e7\u00e3o da PF.<\/p>\n<p><strong>R$ 51 milh\u00f5es<\/strong><\/p>\n<p>A Pol\u00edcia Federal encontrou as impress\u00f5es digitais do ex-ministro Geddel Vieira Lima, no apartamento onde nesta ter\u00e7a-feira (5) foram encontrados R$ 51 milh\u00f5es em esp\u00e9cie \u2013 distribu\u00eddos em malas e caixas. A quantia \u00e9 a maior apreens\u00e3o em dinheiro vivo j\u00e1 feita pela PF.<\/p>\n<p>As impress\u00f5es digitais refor\u00e7am as suspeitas de liga\u00e7\u00e3o do ex-ministro com o dinheiro, comprovando que ele esteve no im\u00f3vel onde a quantia milion\u00e1ria estava guardada.<\/p>\n<p>Geddel cumpre pris\u00e3o domiciliar h\u00e1 quase dois meses no apartamento dele, em Salvador, sem monitoramento eletr\u00f4nico. A Secretaria de Administra\u00e7\u00e3o Penitenci\u00e1ria da Bahia (Seap) n\u00e3o disp\u00f5e de tornozeleiras.<\/p>\n","protected":false},"excerpt":{"rendered":"<p>O ex-ministro Geddel Vieira Liima deixou o apartamento onde mora, em Salvador, no bairro da Gra\u00e7a, acompanhado da Pol\u00edcia Federal. Aindsa n\u00e3o h\u00e1 detalhes para onde ele foi levado. Agentes da PF chegaram nas primeiras horas de hoje na casa do pemedebista, por volta das 5h40. Duas testemunhas ja est\u00e3o sendo ouvidas. Entre elas, o [&hellip;]<\/p>\n","protected":false},"author":2,"featured_media":67642,"comment_status":"open","ping_status":"open","sticky":false,"template":"","format":"standard","meta":{"footnotes":"","_links_to":"","_links_to_target":""},"categories":[1],"tags":[],"class_list":["post-67641","post","type-post","status-publish","format-standard","has-post-thumbnail","hentry","category-geral"],"views":1420,"_links":{"self":[{"href":"https:\/\/www.sudoestehoje.com.br\/novoportal\/wp-json\/wp\/v2\/posts\/67641","targetHints":{"allow":["GET"]}}],"collection":[{"href":"https:\/\/www.sudoestehoje.com.br\/novoportal\/wp-json\/wp\/v2\/posts"}],"about":[{"href":"https:\/\/www.sudoestehoje.com.br\/novoportal\/wp-json\/wp\/v2\/types\/post"}],"author":[{"embeddable":true,"href":"https:\/\/www.sudoestehoje.com.br\/novoportal\/wp-json\/wp\/v2\/users\/2"}],"replies":[{"embeddable":true,"href":"https:\/\/www.sudoestehoje.com.br\/novoportal\/wp-json\/wp\/v2\/comments?post=67641"}],"version-history":[{"count":2,"href":"https:\/\/www.sudoestehoje.com.br\/novoportal\/wp-json\/wp\/v2\/posts\/67641\/revisions"}],"predecessor-version":[{"id":67644,"href":"https:\/\/www.sudoestehoje.com.br\/novoportal\/wp-json\/wp\/v2\/posts\/67641\/revisions\/67644"}],"wp:featuredmedia":[{"embeddable":true,"href":"https:\/\/www.sudoestehoje.com.br\/novoportal\/wp-json\/wp\/v2\/media\/67642"}],"wp:attachment":[{"href":"https:\/\/www.sudoestehoje.com.br\/novoportal\/wp-json\/wp\/v2\/media?parent=67641"}],"wp:term":[{"taxonomy":"category","embeddable":true,"href":"https:\/\/www.sudoestehoje.com.br\/novoportal\/wp-json\/wp\/v2\/categories?post=67641"},{"taxonomy":"post_tag","embeddable":true,"href":"https:\/\/www.sudoestehoje.com.br\/novoportal\/wp-json\/wp\/v2\/tags?post=67641"}],"curies":[{"name":"wp","href":"https:\/\/api.w.org\/{rel}","templated":true}]}}