
{"id":6758,"date":"2011-07-17T12:27:08","date_gmt":"2011-07-17T15:27:08","guid":{"rendered":"http:\/\/www.sudoestehoje.com.br\/novoportal\/?p=6758"},"modified":"2011-07-17T12:27:08","modified_gmt":"2011-07-17T15:27:08","slug":"rosemberg-admite-nao-recandidatar-em-2014-para-coordenar-campanha-de-gabrielli","status":"publish","type":"post","link":"https:\/\/www.sudoestehoje.com.br\/novoportal\/2011\/07\/17\/rosemberg-admite-nao-recandidatar-em-2014-para-coordenar-campanha-de-gabrielli\/","title":{"rendered":"ROSEMBERG ADMITE N\u00c3O RECANDIDATAR EM 2014 PARA COORDENAR CAMPANHA DE GABRIELLI"},"content":{"rendered":"<p style=\"text-align: left;\">\u00a0<\/p>\n<p style=\"text-align: center;\"><a href=\"http:\/\/www.politicalivre.com.br\/wp-content\/uploads\/2011\/07\/jose_sergio_gabrielli_pl.jpg\"><img loading=\"lazy\" decoding=\"async\" class=\"aligncenter\" title=\"jose_sergio_gabrielli_pl\" src=\"http:\/\/www.politicalivre.com.br\/wp-content\/uploads\/2011\/07\/jose_sergio_gabrielli_pl.jpg\" alt=\"\" width=\"300\" height=\"225\" \/><\/a><\/p>\n<p class=\"wp-caption-text\" style=\"text-align: center;\"><em><strong>Rosemberg quer coordenar campanha de Gabrielli\u00a0 em 2014<\/strong><\/em><\/p>\n<p class=\"wp-caption-text\"><em><strong>\u00a0<\/strong><\/em><\/p>\n<p class=\"wp-caption-text\"><em><strong>Pol\u00edtica Livre<\/strong><\/em><\/p>\n<p><a href=\"http:\/\/www.politicalivre.com.br\/wp-content\/uploads\/2011\/07\/jose_sergio_gabrielli_pl.jpg\"><\/a><\/p>\n<p>A discuss\u00e3o, dentro do PT,\u00a0sobre a pr\u00e9-candidatura de Jos\u00e9 S\u00e9rgio Gabrielli\u00a0ao governo da Bahia<strong>,<\/strong> anda t\u00e3o avan\u00e7ada, que o deputado estadual Rosemberg Pinto, ainda no in\u00edcio do seu primeiro mandato eletivo, j\u00e1 pensa at\u00e9 em n\u00e3o disputar a reelei\u00e7\u00e3o, caso assuma a coordena\u00e7\u00e3o da campanhana\u00a0de Gabrielli, em 2014.<\/p>\n<p>\u201c<em>Esta seria a \u00fanica hip\u00f3tese de n\u00e3o me recandidatar\u201d,<\/em> diz Rosemberg, que conversou com o jornalista Raul Monteiro, do site Pol\u00edtica Livre, a respeito dos rumores de que poderia tentar uma vaga na C\u00e2mara dos Deputados, em 2014.<\/p>\n<p><em>\u201cEstou satisfeit\u00edssimo com meu mandato na Assembleia e seus resultados, que podem ser acompanhados por todos na Casa\u201d,<\/em> afirma Rosemberg, admitindo, entretanto, largar o parlamento estadual\u00a0para engajar-se na campanha de Gabrielli na condi\u00e7\u00e3o de coordenador. (<strong><em>Raul Monteiro<\/em><\/strong>)<\/p>\n","protected":false},"excerpt":{"rendered":"<p>\u00a0 Rosemberg quer coordenar campanha de Gabrielli\u00a0 em 2014 \u00a0 Pol\u00edtica Livre A discuss\u00e3o, dentro do PT,\u00a0sobre a pr\u00e9-candidatura de Jos\u00e9 S\u00e9rgio Gabrielli\u00a0ao governo da Bahia, anda t\u00e3o avan\u00e7ada, que o deputado estadual Rosemberg Pinto, ainda no in\u00edcio do seu primeiro mandato eletivo, j\u00e1 pensa at\u00e9 em n\u00e3o disputar a reelei\u00e7\u00e3o, caso assuma a coordena\u00e7\u00e3o [&hellip;]<\/p>\n","protected":false},"author":2,"featured_media":0,"comment_status":"open","ping_status":"open","sticky":false,"template":"","format":"standard","meta":{"footnotes":"","_links_to":"","_links_to_target":""},"categories":[1],"tags":[],"class_list":["post-6758","post","type-post","status-publish","format-standard","hentry","category-geral"],"views":1201,"_links":{"self":[{"href":"https:\/\/www.sudoestehoje.com.br\/novoportal\/wp-json\/wp\/v2\/posts\/6758","targetHints":{"allow":["GET"]}}],"collection":[{"href":"https:\/\/www.sudoestehoje.com.br\/novoportal\/wp-json\/wp\/v2\/posts"}],"about":[{"href":"https:\/\/www.sudoestehoje.com.br\/novoportal\/wp-json\/wp\/v2\/types\/post"}],"author":[{"embeddable":true,"href":"https:\/\/www.sudoestehoje.com.br\/novoportal\/wp-json\/wp\/v2\/users\/2"}],"replies":[{"embeddable":true,"href":"https:\/\/www.sudoestehoje.com.br\/novoportal\/wp-json\/wp\/v2\/comments?post=6758"}],"version-history":[{"count":4,"href":"https:\/\/www.sudoestehoje.com.br\/novoportal\/wp-json\/wp\/v2\/posts\/6758\/revisions"}],"predecessor-version":[{"id":6762,"href":"https:\/\/www.sudoestehoje.com.br\/novoportal\/wp-json\/wp\/v2\/posts\/6758\/revisions\/6762"}],"wp:attachment":[{"href":"https:\/\/www.sudoestehoje.com.br\/novoportal\/wp-json\/wp\/v2\/media?parent=6758"}],"wp:term":[{"taxonomy":"category","embeddable":true,"href":"https:\/\/www.sudoestehoje.com.br\/novoportal\/wp-json\/wp\/v2\/categories?post=6758"},{"taxonomy":"post_tag","embeddable":true,"href":"https:\/\/www.sudoestehoje.com.br\/novoportal\/wp-json\/wp\/v2\/tags?post=6758"}],"curies":[{"name":"wp","href":"https:\/\/api.w.org\/{rel}","templated":true}]}}