
{"id":67408,"date":"2017-09-03T20:01:34","date_gmt":"2017-09-03T23:01:34","guid":{"rendered":"http:\/\/www.sudoestehoje.com.br\/novoportal\/?p=67408"},"modified":"2017-09-03T20:01:34","modified_gmt":"2017-09-03T23:01:34","slug":"juiz-mantem-prisao-do-tarado-da-avenida-paulista-por-estupro-2","status":"publish","type":"post","link":"https:\/\/www.sudoestehoje.com.br\/novoportal\/2017\/09\/03\/juiz-mantem-prisao-do-tarado-da-avenida-paulista-por-estupro-2\/","title":{"rendered":"JUIZ MANT\u00c9M PRIS\u00c3O DO \u201cTARADO DA AVENIDA PAULISTA\u201d POR ESTUPRO"},"content":{"rendered":"<p><a href=\"http:\/\/www.sudoestehoje.com.br\/novoportal\/wp-content\/uploads\/2017\/09\/TARADO-DA-PAULISTA.jpg\"><img loading=\"lazy\" decoding=\"async\" class=\"aligncenter size-medium wp-image-67406\" src=\"http:\/\/www.sudoestehoje.com.br\/novoportal\/wp-content\/uploads\/2017\/09\/TARADO-DA-PAULISTA-500x300.jpg\" alt=\"\" width=\"500\" height=\"300\" srcset=\"https:\/\/www.sudoestehoje.com.br\/novoportal\/wp-content\/uploads\/2017\/09\/TARADO-DA-PAULISTA-500x300.jpg 500w, https:\/\/www.sudoestehoje.com.br\/novoportal\/wp-content\/uploads\/2017\/09\/TARADO-DA-PAULISTA.jpg 699w\" sizes=\"auto, (max-width: 500px) 100vw, 500px\" \/><\/a><\/p>\n<p>Com 17 passagens pela pol\u00edcia por crimes sexuais, o ajudante-geral Diego Ferreira de Novais, de 27 anos, ficar\u00e1 preso preventivamente por estupro, decidiu neste domingo (3) o juiz\u00a0Rodrigo Marzola Colombini, ap\u00f3s audi\u00eancia de cust\u00f3dia no F\u00f3rum da Barra Funda, Zona Oeste de S\u00e3o Paulo.<\/p>\n<p>Diego foi detido em flagrante neste s\u00e1bado (2) por se masturbar e esfregar o p\u00eanis em uma mulher no \u00f4nibus. O magistrado atendeu\u00a0aos pedidos do promotor Luis Felipe Tegon Cerqueira Leite e da Pol\u00edcia Civil, para que o acusado fique preso at\u00e9 o julgamento, de acordo com o G1.<\/p>\n<p>Inicialmente, Diego foi detido por suspeita de ato obsceno, mas terminou indiciado por estupro na delegacia, porque foi acusado de esfregar o p\u00eanis no ombro da v\u00edtima e ainda tentado impedi-la de fugir.<\/p>\n<p>Colombini, por\u00e9m, n\u00e3o atendeu a outro pedido da Promotoria e do delegado Rog\u00e9rio de Camargo Nader, que solicitaram que Diego fosse submetido a exames psiqui\u00e1tricos.<\/p>\n<p>Na \u00faltima ter\u00e7a-feira (29), ele foi preso depois de\u00a0ejacular no pesco\u00e7o de outra v\u00edtima, tamb\u00e9m em um coletivo. Na ocasi\u00e3o, entretanto, foi solto pela Justi\u00e7a, que considerou o ato uma \u201ccontraven\u00e7\u00e3o penal\u201d.<\/p>\n","protected":false},"excerpt":{"rendered":"<p>Com 17 passagens pela pol\u00edcia por crimes sexuais, o ajudante-geral Diego Ferreira de Novais, de 27 anos, ficar\u00e1 preso preventivamente por estupro, decidiu neste domingo (3) o juiz\u00a0Rodrigo Marzola Colombini, ap\u00f3s audi\u00eancia de cust\u00f3dia no F\u00f3rum da Barra Funda, Zona Oeste de S\u00e3o Paulo. Diego foi detido em flagrante neste s\u00e1bado (2) por se masturbar [&hellip;]<\/p>\n","protected":false},"author":2,"featured_media":67406,"comment_status":"open","ping_status":"open","sticky":false,"template":"","format":"standard","meta":{"footnotes":"","_links_to":"","_links_to_target":""},"categories":[1],"tags":[],"class_list":["post-67408","post","type-post","status-publish","format-standard","has-post-thumbnail","hentry","category-geral"],"views":1595,"_links":{"self":[{"href":"https:\/\/www.sudoestehoje.com.br\/novoportal\/wp-json\/wp\/v2\/posts\/67408","targetHints":{"allow":["GET"]}}],"collection":[{"href":"https:\/\/www.sudoestehoje.com.br\/novoportal\/wp-json\/wp\/v2\/posts"}],"about":[{"href":"https:\/\/www.sudoestehoje.com.br\/novoportal\/wp-json\/wp\/v2\/types\/post"}],"author":[{"embeddable":true,"href":"https:\/\/www.sudoestehoje.com.br\/novoportal\/wp-json\/wp\/v2\/users\/2"}],"replies":[{"embeddable":true,"href":"https:\/\/www.sudoestehoje.com.br\/novoportal\/wp-json\/wp\/v2\/comments?post=67408"}],"version-history":[{"count":1,"href":"https:\/\/www.sudoestehoje.com.br\/novoportal\/wp-json\/wp\/v2\/posts\/67408\/revisions"}],"predecessor-version":[{"id":67409,"href":"https:\/\/www.sudoestehoje.com.br\/novoportal\/wp-json\/wp\/v2\/posts\/67408\/revisions\/67409"}],"wp:featuredmedia":[{"embeddable":true,"href":"https:\/\/www.sudoestehoje.com.br\/novoportal\/wp-json\/wp\/v2\/media\/67406"}],"wp:attachment":[{"href":"https:\/\/www.sudoestehoje.com.br\/novoportal\/wp-json\/wp\/v2\/media?parent=67408"}],"wp:term":[{"taxonomy":"category","embeddable":true,"href":"https:\/\/www.sudoestehoje.com.br\/novoportal\/wp-json\/wp\/v2\/categories?post=67408"},{"taxonomy":"post_tag","embeddable":true,"href":"https:\/\/www.sudoestehoje.com.br\/novoportal\/wp-json\/wp\/v2\/tags?post=67408"}],"curies":[{"name":"wp","href":"https:\/\/api.w.org\/{rel}","templated":true}]}}