
{"id":67401,"date":"2017-09-03T18:51:01","date_gmt":"2017-09-03T21:51:01","guid":{"rendered":"http:\/\/www.sudoestehoje.com.br\/novoportal\/?p=67401"},"modified":"2017-09-03T18:51:01","modified_gmt":"2017-09-03T21:51:01","slug":"brasil-novo-dem-vai-se-chamar-centro","status":"publish","type":"post","link":"https:\/\/www.sudoestehoje.com.br\/novoportal\/2017\/09\/03\/brasil-novo-dem-vai-se-chamar-centro\/","title":{"rendered":"BRASIL: NOVO DEM VAI SE CHAMAR &#8220;CENTRO&#8221;"},"content":{"rendered":"<p><a href=\"http:\/\/www.sudoestehoje.com.br\/novoportal\/wp-content\/uploads\/2017\/09\/centro.jpg\"><img loading=\"lazy\" decoding=\"async\" class=\"aligncenter size-medium wp-image-67402\" src=\"http:\/\/www.sudoestehoje.com.br\/novoportal\/wp-content\/uploads\/2017\/09\/centro-500x350.jpg\" alt=\"\" width=\"500\" height=\"350\" srcset=\"https:\/\/www.sudoestehoje.com.br\/novoportal\/wp-content\/uploads\/2017\/09\/centro-500x350.jpg 500w, https:\/\/www.sudoestehoje.com.br\/novoportal\/wp-content\/uploads\/2017\/09\/centro.jpg 600w\" sizes=\"auto, (max-width: 500px) 100vw, 500px\" \/><\/a><\/p>\n<p>Idealizado pelo presidente da C\u00e2mara, Rodrigo Maia, e pelo prefeito de Salvador, ACM Neto, o \u201cnovo\u201d Democratas j\u00e1 teria nome.<\/p>\n<p>De acordo com o colunista Lauro Jardim, do Globo, o partido vai se chamar Centro.<\/p>\n<p>Ainda conforme a publica\u00e7\u00e3o, j\u00e1 foi criada tamb\u00e9m uma logomarca, em azul e amarelo, e um filmete para apresentar a sigla.\u00a0Todas as cria\u00e7\u00f5es seriam do publicit\u00e1rio Fabiano Ribeiro, da Propeg.<\/p>\n<p>Na \u00faltima semana, ao participar de evento do PCdoB, Maia\u00a0defendeu o \u201ccentro\u201d\u00a0como o espectro pol\u00edtico do \u201cdi\u00e1logo\u201d.<\/p>\n","protected":false},"excerpt":{"rendered":"<p>Idealizado pelo presidente da C\u00e2mara, Rodrigo Maia, e pelo prefeito de Salvador, ACM Neto, o \u201cnovo\u201d Democratas j\u00e1 teria nome. De acordo com o colunista Lauro Jardim, do Globo, o partido vai se chamar Centro. Ainda conforme a publica\u00e7\u00e3o, j\u00e1 foi criada tamb\u00e9m uma logomarca, em azul e amarelo, e um filmete para apresentar a [&hellip;]<\/p>\n","protected":false},"author":2,"featured_media":67402,"comment_status":"open","ping_status":"open","sticky":false,"template":"","format":"standard","meta":{"footnotes":"","_links_to":"","_links_to_target":""},"categories":[1],"tags":[],"class_list":["post-67401","post","type-post","status-publish","format-standard","has-post-thumbnail","hentry","category-geral"],"views":1760,"_links":{"self":[{"href":"https:\/\/www.sudoestehoje.com.br\/novoportal\/wp-json\/wp\/v2\/posts\/67401","targetHints":{"allow":["GET"]}}],"collection":[{"href":"https:\/\/www.sudoestehoje.com.br\/novoportal\/wp-json\/wp\/v2\/posts"}],"about":[{"href":"https:\/\/www.sudoestehoje.com.br\/novoportal\/wp-json\/wp\/v2\/types\/post"}],"author":[{"embeddable":true,"href":"https:\/\/www.sudoestehoje.com.br\/novoportal\/wp-json\/wp\/v2\/users\/2"}],"replies":[{"embeddable":true,"href":"https:\/\/www.sudoestehoje.com.br\/novoportal\/wp-json\/wp\/v2\/comments?post=67401"}],"version-history":[{"count":2,"href":"https:\/\/www.sudoestehoje.com.br\/novoportal\/wp-json\/wp\/v2\/posts\/67401\/revisions"}],"predecessor-version":[{"id":67404,"href":"https:\/\/www.sudoestehoje.com.br\/novoportal\/wp-json\/wp\/v2\/posts\/67401\/revisions\/67404"}],"wp:featuredmedia":[{"embeddable":true,"href":"https:\/\/www.sudoestehoje.com.br\/novoportal\/wp-json\/wp\/v2\/media\/67402"}],"wp:attachment":[{"href":"https:\/\/www.sudoestehoje.com.br\/novoportal\/wp-json\/wp\/v2\/media?parent=67401"}],"wp:term":[{"taxonomy":"category","embeddable":true,"href":"https:\/\/www.sudoestehoje.com.br\/novoportal\/wp-json\/wp\/v2\/categories?post=67401"},{"taxonomy":"post_tag","embeddable":true,"href":"https:\/\/www.sudoestehoje.com.br\/novoportal\/wp-json\/wp\/v2\/tags?post=67401"}],"curies":[{"name":"wp","href":"https:\/\/api.w.org\/{rel}","templated":true}]}}