
{"id":67385,"date":"2017-09-01T19:57:34","date_gmt":"2017-09-01T22:57:34","guid":{"rendered":"http:\/\/www.sudoestehoje.com.br\/novoportal\/?p=67385"},"modified":"2017-09-01T21:05:14","modified_gmt":"2017-09-02T00:05:14","slug":"itapetinga-desfile-de-7-de-setembro-sera-realizado-garante-geraldo-trindade","status":"publish","type":"post","link":"https:\/\/www.sudoestehoje.com.br\/novoportal\/2017\/09\/01\/itapetinga-desfile-de-7-de-setembro-sera-realizado-garante-geraldo-trindade\/","title":{"rendered":"ITAPETINGA: DESFILE DE 7 DE SETEMBRO SER\u00c1 REALIZADO, GARANTE RODRIGO HAGGE"},"content":{"rendered":"<p><a href=\"http:\/\/www.sudoestehoje.com.br\/novoportal\/wp-content\/uploads\/2017\/09\/sete-1.jpg\"><img loading=\"lazy\" decoding=\"async\" class=\"aligncenter size-medium wp-image-67386\" src=\"http:\/\/www.sudoestehoje.com.br\/novoportal\/wp-content\/uploads\/2017\/09\/sete-1-500x281.jpg\" alt=\"\" width=\"500\" height=\"281\" srcset=\"https:\/\/www.sudoestehoje.com.br\/novoportal\/wp-content\/uploads\/2017\/09\/sete-1-500x281.jpg 500w, https:\/\/www.sudoestehoje.com.br\/novoportal\/wp-content\/uploads\/2017\/09\/sete-1-768x432.jpg 768w, https:\/\/www.sudoestehoje.com.br\/novoportal\/wp-content\/uploads\/2017\/09\/sete-1-700x394.jpg 700w, https:\/\/www.sudoestehoje.com.br\/novoportal\/wp-content\/uploads\/2017\/09\/sete-1.jpg 1920w\" sizes=\"auto, (max-width: 500px) 100vw, 500px\" \/><\/a><\/p>\n<p>Suspenso desde 2014 pelo ex-prefeito Z\u00e9 Carlos (PT), o tradicional desfile c\u00edvico de 7 de Setembro voltar\u00e1 a ser realizado a partir deste ano, como havia prometido o prefeito Rodrigo Hagge (PMDB), durantes a sua campanha eleitoral.<\/p>\n<p>Quem informou sobre a volta do desfile na Pra\u00e7a Dairy Valley e ruas centrais da cidade foi o atuante secret\u00e1rio de educa\u00e7\u00e3o Geraldo Trindade, que na manh\u00e3 desta sexta-feira abriu as comemora\u00e7\u00f5es da Semana da P\u00e1tria, no Pa\u00e7o Municipal.<\/p>\n<p>A \u00faltima vez que o desfile de 7 de setembro aconteceu em Itapetinga, foi em 2013, com in\u00fameros protestos da popula\u00e7\u00e3o contra a desastrada gest\u00e3o do ex-prefeito. quando manifestantes do &#8216;Grito do Exclu\u00eddos&#8217; fizeram um forte protesto, obrigando o prefeito Z\u00e9 Carlos, juntamente com sua secret\u00e1ria de educa\u00e7\u00e3o, a descerem do palanque debaixo de vaias.<\/p>\n<p>Para este ano, \u00e9 esperado um desfile bem organizado, com a participa\u00e7\u00e3o das escolas da rede p\u00fablica. Tiro de Guerra e in\u00fameras entidades.<\/p>\n<p><strong><em>Por Davi Ferraz<\/em><\/strong><\/p>\n","protected":false},"excerpt":{"rendered":"<p>Suspenso desde 2014 pelo ex-prefeito Z\u00e9 Carlos (PT), o tradicional desfile c\u00edvico de 7 de Setembro voltar\u00e1 a ser realizado a partir deste ano, como havia prometido o prefeito Rodrigo Hagge (PMDB), durantes a sua campanha eleitoral. Quem informou sobre a volta do desfile na Pra\u00e7a Dairy Valley e ruas centrais da cidade foi o [&hellip;]<\/p>\n","protected":false},"author":2,"featured_media":67386,"comment_status":"open","ping_status":"open","sticky":false,"template":"","format":"standard","meta":{"footnotes":"","_links_to":"","_links_to_target":""},"categories":[1],"tags":[],"class_list":["post-67385","post","type-post","status-publish","format-standard","has-post-thumbnail","hentry","category-geral"],"views":2820,"_links":{"self":[{"href":"https:\/\/www.sudoestehoje.com.br\/novoportal\/wp-json\/wp\/v2\/posts\/67385","targetHints":{"allow":["GET"]}}],"collection":[{"href":"https:\/\/www.sudoestehoje.com.br\/novoportal\/wp-json\/wp\/v2\/posts"}],"about":[{"href":"https:\/\/www.sudoestehoje.com.br\/novoportal\/wp-json\/wp\/v2\/types\/post"}],"author":[{"embeddable":true,"href":"https:\/\/www.sudoestehoje.com.br\/novoportal\/wp-json\/wp\/v2\/users\/2"}],"replies":[{"embeddable":true,"href":"https:\/\/www.sudoestehoje.com.br\/novoportal\/wp-json\/wp\/v2\/comments?post=67385"}],"version-history":[{"count":6,"href":"https:\/\/www.sudoestehoje.com.br\/novoportal\/wp-json\/wp\/v2\/posts\/67385\/revisions"}],"predecessor-version":[{"id":67392,"href":"https:\/\/www.sudoestehoje.com.br\/novoportal\/wp-json\/wp\/v2\/posts\/67385\/revisions\/67392"}],"wp:featuredmedia":[{"embeddable":true,"href":"https:\/\/www.sudoestehoje.com.br\/novoportal\/wp-json\/wp\/v2\/media\/67386"}],"wp:attachment":[{"href":"https:\/\/www.sudoestehoje.com.br\/novoportal\/wp-json\/wp\/v2\/media?parent=67385"}],"wp:term":[{"taxonomy":"category","embeddable":true,"href":"https:\/\/www.sudoestehoje.com.br\/novoportal\/wp-json\/wp\/v2\/categories?post=67385"},{"taxonomy":"post_tag","embeddable":true,"href":"https:\/\/www.sudoestehoje.com.br\/novoportal\/wp-json\/wp\/v2\/tags?post=67385"}],"curies":[{"name":"wp","href":"https:\/\/api.w.org\/{rel}","templated":true}]}}