
{"id":67381,"date":"2017-09-01T18:54:52","date_gmt":"2017-09-01T21:54:52","guid":{"rendered":"http:\/\/www.sudoestehoje.com.br\/novoportal\/?p=67381"},"modified":"2017-09-01T18:54:52","modified_gmt":"2017-09-01T21:54:52","slug":"itarantim-depois-de-fazer-grande-festa-de-sao-joao-prefeito-anuncia-180-demissoes","status":"publish","type":"post","link":"https:\/\/www.sudoestehoje.com.br\/novoportal\/2017\/09\/01\/itarantim-depois-de-fazer-grande-festa-de-sao-joao-prefeito-anuncia-180-demissoes\/","title":{"rendered":"ITARANTIM: DEPOIS DE FAZER GRANDE FESTA DE S\u00c3O JO\u00c3O, PREFEITO ANUNCIA 180 DEMISS\u00d5ES"},"content":{"rendered":"<p><a href=\"http:\/\/www.sudoestehoje.com.br\/novoportal\/wp-content\/uploads\/2017\/09\/itarantim.jpg\"><img loading=\"lazy\" decoding=\"async\" class=\"aligncenter size-medium wp-image-67382\" src=\"http:\/\/www.sudoestehoje.com.br\/novoportal\/wp-content\/uploads\/2017\/09\/itarantim-500x333.jpg\" alt=\"\" width=\"500\" height=\"333\" srcset=\"https:\/\/www.sudoestehoje.com.br\/novoportal\/wp-content\/uploads\/2017\/09\/itarantim-500x333.jpg 500w, https:\/\/www.sudoestehoje.com.br\/novoportal\/wp-content\/uploads\/2017\/09\/itarantim.jpg 525w\" sizes=\"auto, (max-width: 500px) 100vw, 500px\" \/><\/a><\/p>\n<p>Nesta sexta-feira o prefeito de Itarantim, Paulo Constru\u00e7\u00e3o (DEM) anunciou a demiss\u00e3o de 180 funcion\u00e1rios contratados. O prefeito alegou queda na arrecada\u00e7\u00e3o e o enquadramento na lei de responsabilidade fiscal.<\/p>\n<p>O curioso \u00e9 que no m\u00eas de junho o prefeito realizou uma grande festa de S\u00e3o Jo\u00e3o, tendo atra\u00e7\u00f5es de peso, como por exemplo a banda Psirico. A festa aconteceu no per\u00edodo de 14 a 25 de junho.<\/p>\n<p>\u201c A festa \u00e9 importante, mas o prefeito foi eleito prometendo emprego para a popula\u00e7\u00e3o, entre a festa e manter o povo trabalhando era melhor ele garantir o emprego, j\u00e1 que festa n\u00e3o e \u00e9 prioridade\u201d, comentou o estudante Fernando Souza. \/\/<em>Pol\u00edticos do Sul da Bahia<\/em><\/p>\n","protected":false},"excerpt":{"rendered":"<p>Nesta sexta-feira o prefeito de Itarantim, Paulo Constru\u00e7\u00e3o (DEM) anunciou a demiss\u00e3o de 180 funcion\u00e1rios contratados. O prefeito alegou queda na arrecada\u00e7\u00e3o e o enquadramento na lei de responsabilidade fiscal. O curioso \u00e9 que no m\u00eas de junho o prefeito realizou uma grande festa de S\u00e3o Jo\u00e3o, tendo atra\u00e7\u00f5es de peso, como por exemplo a [&hellip;]<\/p>\n","protected":false},"author":2,"featured_media":67382,"comment_status":"open","ping_status":"open","sticky":false,"template":"","format":"standard","meta":{"footnotes":"","_links_to":"","_links_to_target":""},"categories":[1],"tags":[],"class_list":["post-67381","post","type-post","status-publish","format-standard","has-post-thumbnail","hentry","category-geral"],"views":2095,"_links":{"self":[{"href":"https:\/\/www.sudoestehoje.com.br\/novoportal\/wp-json\/wp\/v2\/posts\/67381","targetHints":{"allow":["GET"]}}],"collection":[{"href":"https:\/\/www.sudoestehoje.com.br\/novoportal\/wp-json\/wp\/v2\/posts"}],"about":[{"href":"https:\/\/www.sudoestehoje.com.br\/novoportal\/wp-json\/wp\/v2\/types\/post"}],"author":[{"embeddable":true,"href":"https:\/\/www.sudoestehoje.com.br\/novoportal\/wp-json\/wp\/v2\/users\/2"}],"replies":[{"embeddable":true,"href":"https:\/\/www.sudoestehoje.com.br\/novoportal\/wp-json\/wp\/v2\/comments?post=67381"}],"version-history":[{"count":2,"href":"https:\/\/www.sudoestehoje.com.br\/novoportal\/wp-json\/wp\/v2\/posts\/67381\/revisions"}],"predecessor-version":[{"id":67384,"href":"https:\/\/www.sudoestehoje.com.br\/novoportal\/wp-json\/wp\/v2\/posts\/67381\/revisions\/67384"}],"wp:featuredmedia":[{"embeddable":true,"href":"https:\/\/www.sudoestehoje.com.br\/novoportal\/wp-json\/wp\/v2\/media\/67382"}],"wp:attachment":[{"href":"https:\/\/www.sudoestehoje.com.br\/novoportal\/wp-json\/wp\/v2\/media?parent=67381"}],"wp:term":[{"taxonomy":"category","embeddable":true,"href":"https:\/\/www.sudoestehoje.com.br\/novoportal\/wp-json\/wp\/v2\/categories?post=67381"},{"taxonomy":"post_tag","embeddable":true,"href":"https:\/\/www.sudoestehoje.com.br\/novoportal\/wp-json\/wp\/v2\/tags?post=67381"}],"curies":[{"name":"wp","href":"https:\/\/api.w.org\/{rel}","templated":true}]}}