
{"id":67376,"date":"2017-09-01T18:26:11","date_gmt":"2017-09-01T21:26:11","guid":{"rendered":"http:\/\/www.sudoestehoje.com.br\/novoportal\/?p=67376"},"modified":"2017-09-01T18:26:11","modified_gmt":"2017-09-01T21:26:11","slug":"macarani-prefeitura-liberou-pagamento-para-todos-os-servidores-nesta-sexta","status":"publish","type":"post","link":"https:\/\/www.sudoestehoje.com.br\/novoportal\/2017\/09\/01\/macarani-prefeitura-liberou-pagamento-para-todos-os-servidores-nesta-sexta\/","title":{"rendered":"MACARANI: PREFEITURA LIBEROU PAGAMENTO PARA TODOS OS SERVIDORES NESTA SEXTA"},"content":{"rendered":"<p><a href=\"http:\/\/www.sudoestehoje.com.br\/novoportal\/wp-content\/uploads\/2017\/09\/macarani.jpg\"><img loading=\"lazy\" decoding=\"async\" class=\"aligncenter size-medium wp-image-67378\" src=\"http:\/\/www.sudoestehoje.com.br\/novoportal\/wp-content\/uploads\/2017\/09\/macarani-500x447.jpg\" alt=\"\" width=\"500\" height=\"447\" srcset=\"https:\/\/www.sudoestehoje.com.br\/novoportal\/wp-content\/uploads\/2017\/09\/macarani-500x447.jpg 500w, https:\/\/www.sudoestehoje.com.br\/novoportal\/wp-content\/uploads\/2017\/09\/macarani-768x687.jpg 768w, https:\/\/www.sudoestehoje.com.br\/novoportal\/wp-content\/uploads\/2017\/09\/macarani-700x626.jpg 700w, https:\/\/www.sudoestehoje.com.br\/novoportal\/wp-content\/uploads\/2017\/09\/macarani.jpg 960w\" sizes=\"auto, (max-width: 500px) 100vw, 500px\" \/><\/a><br \/>\nA Prefeitura Municipal de Macarani, atrav\u00e9s da Secretaria de Finan\u00e7as, liberou nesta sexta-feira (01) o pagamento dos sal\u00e1rios de todos os servidores municipais correspondente ao m\u00eas de agosto.<\/p>\n<p>Receberam o pagamento todos os funcion\u00e1rios do quadro administrativo, tanto os efetivos quanto os contratados e comissionados, conforme informa\u00e7\u00e3o do setor de Recursos Humanos.\u00a0O dinheiro foi depositado na conta de cada servidor.<\/p>\n<p>A Prefeitura de Macarani vem honrando o pagamento dos servidores em dia, inclusive dos contratados. \u00c9 o reconhecimento e valoriza\u00e7\u00e3o aos funcion\u00e1rios. \/\/<strong><em>Secom Macarani<\/em><\/strong><\/p>\n","protected":false},"excerpt":{"rendered":"<p>A Prefeitura Municipal de Macarani, atrav\u00e9s da Secretaria de Finan\u00e7as, liberou nesta sexta-feira (01) o pagamento dos sal\u00e1rios de todos os servidores municipais correspondente ao m\u00eas de agosto. Receberam o pagamento todos os funcion\u00e1rios do quadro administrativo, tanto os efetivos quanto os contratados e comissionados, conforme informa\u00e7\u00e3o do setor de Recursos Humanos.\u00a0O dinheiro foi depositado [&hellip;]<\/p>\n","protected":false},"author":2,"featured_media":67378,"comment_status":"open","ping_status":"open","sticky":false,"template":"","format":"standard","meta":{"footnotes":"","_links_to":"","_links_to_target":""},"categories":[1],"tags":[],"class_list":["post-67376","post","type-post","status-publish","format-standard","has-post-thumbnail","hentry","category-geral"],"views":1379,"_links":{"self":[{"href":"https:\/\/www.sudoestehoje.com.br\/novoportal\/wp-json\/wp\/v2\/posts\/67376","targetHints":{"allow":["GET"]}}],"collection":[{"href":"https:\/\/www.sudoestehoje.com.br\/novoportal\/wp-json\/wp\/v2\/posts"}],"about":[{"href":"https:\/\/www.sudoestehoje.com.br\/novoportal\/wp-json\/wp\/v2\/types\/post"}],"author":[{"embeddable":true,"href":"https:\/\/www.sudoestehoje.com.br\/novoportal\/wp-json\/wp\/v2\/users\/2"}],"replies":[{"embeddable":true,"href":"https:\/\/www.sudoestehoje.com.br\/novoportal\/wp-json\/wp\/v2\/comments?post=67376"}],"version-history":[{"count":3,"href":"https:\/\/www.sudoestehoje.com.br\/novoportal\/wp-json\/wp\/v2\/posts\/67376\/revisions"}],"predecessor-version":[{"id":67380,"href":"https:\/\/www.sudoestehoje.com.br\/novoportal\/wp-json\/wp\/v2\/posts\/67376\/revisions\/67380"}],"wp:featuredmedia":[{"embeddable":true,"href":"https:\/\/www.sudoestehoje.com.br\/novoportal\/wp-json\/wp\/v2\/media\/67378"}],"wp:attachment":[{"href":"https:\/\/www.sudoestehoje.com.br\/novoportal\/wp-json\/wp\/v2\/media?parent=67376"}],"wp:term":[{"taxonomy":"category","embeddable":true,"href":"https:\/\/www.sudoestehoje.com.br\/novoportal\/wp-json\/wp\/v2\/categories?post=67376"},{"taxonomy":"post_tag","embeddable":true,"href":"https:\/\/www.sudoestehoje.com.br\/novoportal\/wp-json\/wp\/v2\/tags?post=67376"}],"curies":[{"name":"wp","href":"https:\/\/api.w.org\/{rel}","templated":true}]}}