
{"id":67350,"date":"2017-08-30T18:17:14","date_gmt":"2017-08-30T21:17:14","guid":{"rendered":"http:\/\/www.sudoestehoje.com.br\/novoportal\/?p=67350"},"modified":"2017-08-30T18:17:14","modified_gmt":"2017-08-30T21:17:14","slug":"itapetinga-recuperacao-de-vias-publicas-avanca-em-bandeira-do-colonia","status":"publish","type":"post","link":"https:\/\/www.sudoestehoje.com.br\/novoportal\/2017\/08\/30\/itapetinga-recuperacao-de-vias-publicas-avanca-em-bandeira-do-colonia\/","title":{"rendered":"ITAPETINGA: RECUPERA\u00c7\u00c3O DE VIAS P\u00daBLICAS AVAN\u00c7A EM BANDEIRA DO COL\u00d4NIA"},"content":{"rendered":"<p><a href=\"http:\/\/www.sudoestehoje.com.br\/novoportal\/wp-content\/uploads\/2017\/08\/bandeira-1.jpg\"><img loading=\"lazy\" decoding=\"async\" class=\"aligncenter size-medium wp-image-67351\" src=\"http:\/\/www.sudoestehoje.com.br\/novoportal\/wp-content\/uploads\/2017\/08\/bandeira-1-500x281.jpg\" alt=\"\" width=\"500\" height=\"281\" srcset=\"https:\/\/www.sudoestehoje.com.br\/novoportal\/wp-content\/uploads\/2017\/08\/bandeira-1-500x281.jpg 500w, https:\/\/www.sudoestehoje.com.br\/novoportal\/wp-content\/uploads\/2017\/08\/bandeira-1-768x432.jpg 768w, https:\/\/www.sudoestehoje.com.br\/novoportal\/wp-content\/uploads\/2017\/08\/bandeira-1-700x394.jpg 700w, https:\/\/www.sudoestehoje.com.br\/novoportal\/wp-content\/uploads\/2017\/08\/bandeira-1.jpg 960w\" sizes=\"auto, (max-width: 500px) 100vw, 500px\" \/><\/a><\/p>\n<p>O Distrito de Bandeira do Col\u00f4nia, esquecido e desprezado pelo ex-gestor municipal por 8 anos, volta a receber aten\u00e7\u00e3o especial por parte da prefeitura de Itapetinga, na atual gest\u00e3o do prefeito Rodrigo Hagge (PMDB).<\/p>\n<p><a href=\"http:\/\/www.sudoestehoje.com.br\/novoportal\/wp-content\/uploads\/2017\/08\/bandeira-3.jpg\"><img loading=\"lazy\" decoding=\"async\" class=\"aligncenter size-medium wp-image-67353\" src=\"http:\/\/www.sudoestehoje.com.br\/novoportal\/wp-content\/uploads\/2017\/08\/bandeira-3-500x281.jpg\" alt=\"\" width=\"500\" height=\"281\" srcset=\"https:\/\/www.sudoestehoje.com.br\/novoportal\/wp-content\/uploads\/2017\/08\/bandeira-3-500x281.jpg 500w, https:\/\/www.sudoestehoje.com.br\/novoportal\/wp-content\/uploads\/2017\/08\/bandeira-3-768x432.jpg 768w, https:\/\/www.sudoestehoje.com.br\/novoportal\/wp-content\/uploads\/2017\/08\/bandeira-3-700x394.jpg 700w, https:\/\/www.sudoestehoje.com.br\/novoportal\/wp-content\/uploads\/2017\/08\/bandeira-3.jpg 960w\" sizes=\"auto, (max-width: 500px) 100vw, 500px\" \/><\/a><\/p>\n<p>Sob o comando do atuante administrador distrital Ant\u00f4nio Luz, o conhecido &#8216;Ant\u00f4nio do Hospital&#8217;, equipes da Secretaria de Infraestrutura est\u00e3o recuperando a pavimenta\u00e7\u00e3o das principais ruas do distrito, para alegria dos seus moradores, que v\u00eam aplaudindo a iniciativa.<\/p>\n<p><a href=\"http:\/\/www.sudoestehoje.com.br\/novoportal\/wp-content\/uploads\/2017\/08\/bandeira-2.jpg\"><img loading=\"lazy\" decoding=\"async\" class=\"aligncenter size-medium wp-image-67352\" src=\"http:\/\/www.sudoestehoje.com.br\/novoportal\/wp-content\/uploads\/2017\/08\/bandeira-2-500x281.jpg\" alt=\"\" width=\"500\" height=\"281\" srcset=\"https:\/\/www.sudoestehoje.com.br\/novoportal\/wp-content\/uploads\/2017\/08\/bandeira-2-500x281.jpg 500w, https:\/\/www.sudoestehoje.com.br\/novoportal\/wp-content\/uploads\/2017\/08\/bandeira-2-768x432.jpg 768w, https:\/\/www.sudoestehoje.com.br\/novoportal\/wp-content\/uploads\/2017\/08\/bandeira-2-700x394.jpg 700w, https:\/\/www.sudoestehoje.com.br\/novoportal\/wp-content\/uploads\/2017\/08\/bandeira-2.jpg 960w\" sizes=\"auto, (max-width: 500px) 100vw, 500px\" \/><\/a><\/p>\n<p>Desde que assumiu o comando do executivo municipal, o prefeito Rodrigo tem visitado com frequ\u00eancia o importante distrito, para ouvir a sua popula\u00e7\u00e3o e atender as demandas mais urgentes, com a aten\u00e7\u00e3o e agilidade que o povo merece.<\/p>\n<p><strong><em>Por Davi Ferraz<\/em><\/strong><\/p>\n","protected":false},"excerpt":{"rendered":"<p>O Distrito de Bandeira do Col\u00f4nia, esquecido e desprezado pelo ex-gestor municipal por 8 anos, volta a receber aten\u00e7\u00e3o especial por parte da prefeitura de Itapetinga, na atual gest\u00e3o do prefeito Rodrigo Hagge (PMDB). Sob o comando do atuante administrador distrital Ant\u00f4nio Luz, o conhecido &#8216;Ant\u00f4nio do Hospital&#8217;, equipes da Secretaria de Infraestrutura est\u00e3o recuperando [&hellip;]<\/p>\n","protected":false},"author":2,"featured_media":67351,"comment_status":"open","ping_status":"open","sticky":false,"template":"","format":"standard","meta":{"footnotes":"","_links_to":"","_links_to_target":""},"categories":[1],"tags":[],"class_list":["post-67350","post","type-post","status-publish","format-standard","has-post-thumbnail","hentry","category-geral"],"views":1326,"_links":{"self":[{"href":"https:\/\/www.sudoestehoje.com.br\/novoportal\/wp-json\/wp\/v2\/posts\/67350","targetHints":{"allow":["GET"]}}],"collection":[{"href":"https:\/\/www.sudoestehoje.com.br\/novoportal\/wp-json\/wp\/v2\/posts"}],"about":[{"href":"https:\/\/www.sudoestehoje.com.br\/novoportal\/wp-json\/wp\/v2\/types\/post"}],"author":[{"embeddable":true,"href":"https:\/\/www.sudoestehoje.com.br\/novoportal\/wp-json\/wp\/v2\/users\/2"}],"replies":[{"embeddable":true,"href":"https:\/\/www.sudoestehoje.com.br\/novoportal\/wp-json\/wp\/v2\/comments?post=67350"}],"version-history":[{"count":2,"href":"https:\/\/www.sudoestehoje.com.br\/novoportal\/wp-json\/wp\/v2\/posts\/67350\/revisions"}],"predecessor-version":[{"id":67355,"href":"https:\/\/www.sudoestehoje.com.br\/novoportal\/wp-json\/wp\/v2\/posts\/67350\/revisions\/67355"}],"wp:featuredmedia":[{"embeddable":true,"href":"https:\/\/www.sudoestehoje.com.br\/novoportal\/wp-json\/wp\/v2\/media\/67351"}],"wp:attachment":[{"href":"https:\/\/www.sudoestehoje.com.br\/novoportal\/wp-json\/wp\/v2\/media?parent=67350"}],"wp:term":[{"taxonomy":"category","embeddable":true,"href":"https:\/\/www.sudoestehoje.com.br\/novoportal\/wp-json\/wp\/v2\/categories?post=67350"},{"taxonomy":"post_tag","embeddable":true,"href":"https:\/\/www.sudoestehoje.com.br\/novoportal\/wp-json\/wp\/v2\/tags?post=67350"}],"curies":[{"name":"wp","href":"https:\/\/api.w.org\/{rel}","templated":true}]}}