
{"id":67339,"date":"2017-08-30T16:58:51","date_gmt":"2017-08-30T19:58:51","guid":{"rendered":"http:\/\/www.sudoestehoje.com.br\/novoportal\/?p=67339"},"modified":"2017-08-30T16:58:51","modified_gmt":"2017-08-30T19:58:51","slug":"itapetinga-prefeitura-comeca-a-recuperar-muro-de-contencao-na-av-isai-amorim","status":"publish","type":"post","link":"https:\/\/www.sudoestehoje.com.br\/novoportal\/2017\/08\/30\/itapetinga-prefeitura-comeca-a-recuperar-muro-de-contencao-na-av-isai-amorim\/","title":{"rendered":"ITAPETINGA: PREFEITURA COME\u00c7A A RECUPERAR MURO DE CONTEN\u00c7\u00c3O NA AV. ISAI AMORIM"},"content":{"rendered":"<p><a href=\"http:\/\/www.sudoestehoje.com.br\/novoportal\/wp-content\/uploads\/2017\/08\/buraco-1-1.jpg\"><img loading=\"lazy\" decoding=\"async\" class=\"aligncenter size-medium wp-image-67341\" src=\"http:\/\/www.sudoestehoje.com.br\/novoportal\/wp-content\/uploads\/2017\/08\/buraco-1-1-500x375.jpg\" alt=\"\" width=\"500\" height=\"375\" srcset=\"https:\/\/www.sudoestehoje.com.br\/novoportal\/wp-content\/uploads\/2017\/08\/buraco-1-1-500x375.jpg 500w, https:\/\/www.sudoestehoje.com.br\/novoportal\/wp-content\/uploads\/2017\/08\/buraco-1-1-768x576.jpg 768w, https:\/\/www.sudoestehoje.com.br\/novoportal\/wp-content\/uploads\/2017\/08\/buraco-1-1-700x525.jpg 700w, https:\/\/www.sudoestehoje.com.br\/novoportal\/wp-content\/uploads\/2017\/08\/buraco-1-1.jpg 960w\" sizes=\"auto, (max-width: 500px) 100vw, 500px\" \/><\/a><\/p>\n<p>Um muro de conten\u00e7\u00e3o que caiu na gest\u00e3o passada, formando um enorme buraco na Avenida Isai Amorim, come\u00e7ou a ser recuperado pelo Departamento de Obras da Secretaria Municipal de Urbanismo, na manh\u00e3 desta quarta-feira (30).<\/p>\n<p>Apesar da avenida fazer parte da BA-263, como via de acesso \u00e0 cidade, sendo de responsabilidade do Estado, o secret\u00e1rio de obras Airton Ferraz e sua equipe avaliaram que o buraco formado representa um grande perigo para quem trafega pela avenida, determinando, assim, a sua imediata reconstru\u00e7\u00e3o.<\/p>\n<p><a href=\"http:\/\/www.sudoestehoje.com.br\/novoportal\/wp-content\/uploads\/2017\/08\/buraco-2-1.jpg\"><img loading=\"lazy\" decoding=\"async\" class=\"aligncenter size-medium wp-image-67342\" src=\"http:\/\/www.sudoestehoje.com.br\/novoportal\/wp-content\/uploads\/2017\/08\/buraco-2-1-500x375.jpg\" alt=\"\" width=\"500\" height=\"375\" srcset=\"https:\/\/www.sudoestehoje.com.br\/novoportal\/wp-content\/uploads\/2017\/08\/buraco-2-1-500x375.jpg 500w, https:\/\/www.sudoestehoje.com.br\/novoportal\/wp-content\/uploads\/2017\/08\/buraco-2-1-768x576.jpg 768w, https:\/\/www.sudoestehoje.com.br\/novoportal\/wp-content\/uploads\/2017\/08\/buraco-2-1-700x525.jpg 700w, https:\/\/www.sudoestehoje.com.br\/novoportal\/wp-content\/uploads\/2017\/08\/buraco-2-1.jpg 960w\" sizes=\"auto, (max-width: 500px) 100vw, 500px\" \/><\/a><\/p>\n<p>O Sudoeste Hoje j\u00e1 havia alertado as autoridades sobre o problema, solicitando provid\u00eancias. Mais uma vez fomos atendidos pela competente equipe de Dr. Airton e Ari Cursino.<\/p>\n<p><strong><em>Por Davi Ferraz<\/em><\/strong><\/p>\n","protected":false},"excerpt":{"rendered":"<p>Um muro de conten\u00e7\u00e3o que caiu na gest\u00e3o passada, formando um enorme buraco na Avenida Isai Amorim, come\u00e7ou a ser recuperado pelo Departamento de Obras da Secretaria Municipal de Urbanismo, na manh\u00e3 desta quarta-feira (30). Apesar da avenida fazer parte da BA-263, como via de acesso \u00e0 cidade, sendo de responsabilidade do Estado, o secret\u00e1rio [&hellip;]<\/p>\n","protected":false},"author":2,"featured_media":67341,"comment_status":"open","ping_status":"open","sticky":false,"template":"","format":"standard","meta":{"footnotes":"","_links_to":"","_links_to_target":""},"categories":[1],"tags":[],"class_list":["post-67339","post","type-post","status-publish","format-standard","has-post-thumbnail","hentry","category-geral"],"views":1556,"_links":{"self":[{"href":"https:\/\/www.sudoestehoje.com.br\/novoportal\/wp-json\/wp\/v2\/posts\/67339","targetHints":{"allow":["GET"]}}],"collection":[{"href":"https:\/\/www.sudoestehoje.com.br\/novoportal\/wp-json\/wp\/v2\/posts"}],"about":[{"href":"https:\/\/www.sudoestehoje.com.br\/novoportal\/wp-json\/wp\/v2\/types\/post"}],"author":[{"embeddable":true,"href":"https:\/\/www.sudoestehoje.com.br\/novoportal\/wp-json\/wp\/v2\/users\/2"}],"replies":[{"embeddable":true,"href":"https:\/\/www.sudoestehoje.com.br\/novoportal\/wp-json\/wp\/v2\/comments?post=67339"}],"version-history":[{"count":3,"href":"https:\/\/www.sudoestehoje.com.br\/novoportal\/wp-json\/wp\/v2\/posts\/67339\/revisions"}],"predecessor-version":[{"id":67344,"href":"https:\/\/www.sudoestehoje.com.br\/novoportal\/wp-json\/wp\/v2\/posts\/67339\/revisions\/67344"}],"wp:featuredmedia":[{"embeddable":true,"href":"https:\/\/www.sudoestehoje.com.br\/novoportal\/wp-json\/wp\/v2\/media\/67341"}],"wp:attachment":[{"href":"https:\/\/www.sudoestehoje.com.br\/novoportal\/wp-json\/wp\/v2\/media?parent=67339"}],"wp:term":[{"taxonomy":"category","embeddable":true,"href":"https:\/\/www.sudoestehoje.com.br\/novoportal\/wp-json\/wp\/v2\/categories?post=67339"},{"taxonomy":"post_tag","embeddable":true,"href":"https:\/\/www.sudoestehoje.com.br\/novoportal\/wp-json\/wp\/v2\/tags?post=67339"}],"curies":[{"name":"wp","href":"https:\/\/api.w.org\/{rel}","templated":true}]}}