
{"id":67332,"date":"2017-08-30T14:07:50","date_gmt":"2017-08-30T17:07:50","guid":{"rendered":"http:\/\/www.sudoestehoje.com.br\/novoportal\/?p=67332"},"modified":"2017-08-30T17:22:18","modified_gmt":"2017-08-30T20:22:18","slug":"populacao-de-itapetinga-sobe-para-77-533-habitantes-em-nova-estimativa-do-ibge","status":"publish","type":"post","link":"https:\/\/www.sudoestehoje.com.br\/novoportal\/2017\/08\/30\/populacao-de-itapetinga-sobe-para-77-533-habitantes-em-nova-estimativa-do-ibge\/","title":{"rendered":"POPULA\u00c7\u00c3O DE ITAPETINGA SOBE PARA 77.533 HABITANTES EM NOVA ESTIMATIVA DO IBGE"},"content":{"rendered":"<p><a href=\"http:\/\/www.sudoestehoje.com.br\/novoportal\/wp-content\/uploads\/2017\/08\/ITAPETINGA-1.jpg\"><img loading=\"lazy\" decoding=\"async\" class=\"aligncenter size-medium wp-image-67333\" src=\"http:\/\/www.sudoestehoje.com.br\/novoportal\/wp-content\/uploads\/2017\/08\/ITAPETINGA-1-500x335.jpg\" alt=\"\" width=\"500\" height=\"335\" srcset=\"https:\/\/www.sudoestehoje.com.br\/novoportal\/wp-content\/uploads\/2017\/08\/ITAPETINGA-1-500x335.jpg 500w, https:\/\/www.sudoestehoje.com.br\/novoportal\/wp-content\/uploads\/2017\/08\/ITAPETINGA-1-768x515.jpg 768w, https:\/\/www.sudoestehoje.com.br\/novoportal\/wp-content\/uploads\/2017\/08\/ITAPETINGA-1-700x470.jpg 700w, https:\/\/www.sudoestehoje.com.br\/novoportal\/wp-content\/uploads\/2017\/08\/ITAPETINGA-1.jpg 1024w\" sizes=\"auto, (max-width: 500px) 100vw, 500px\" \/><\/a><\/p>\n<p>O IBGE divulgou nesta quarta-feira (30) as estimativas das popula\u00e7\u00f5es residentes nos 5.570 munic\u00edpios brasileiros, com data de refer\u00eancia em 1\u00ba de julho de 2017. Estima-se que o Brasil tenha 207,7 milh\u00f5es de habitantes e uma taxa de crescimento populacional de 0,77% entre 2016 e 2017, um pouco menor do que a taxa 2015\/2016 (0,80%).<\/p>\n<p>O munic\u00edpio de S\u00e3o Paulo continua sendo o mais populoso do pa\u00eds, com 12,1 milh\u00f5es de habitantes, seguido pelo Rio de Janeiro (6,5 milh\u00f5es de habitantes), Bras\u00edlia e Salvador (cerca de 3,0 milh\u00f5es de habitantes cada).<\/p>\n<p>Na Bahia, Salvador segue a como a capital mais populosa do nordeste, com 2.953.986 habitantes. Feira de Santana \u00e9 a segunda maior cidade do Estado, com 627 mil habitantes, seguida de Vit\u00f3ria da Conquista, que totalizou 348 mil moradores.<\/p>\n<p>Na nova estimativa, a popula\u00e7\u00e3o de Itapetinga subiu para 77.533 habitantes, registrando um crescimento de 0,85%, em rela\u00e7\u00e3o \u00e0 estimativa de 2016.<strong>\u00a0<span style=\"color: #0000ff;\"><a style=\"color: #0000ff;\" href=\"http:\/\/img.blogdoanderson.com\/2017\/08\/Resol_IBGE_04_2017-OK.pdf\" target=\"_blank\" rel=\"noopener noreferrer\">Confira os n\u00fameros dos 417 munic\u00edpios da Bahia<\/a>.<\/span><\/strong><\/p>\n<p><strong><em>Por Davi Ferraz\u00a0\u00a0<\/em><\/strong><\/p>\n","protected":false},"excerpt":{"rendered":"<p>O IBGE divulgou nesta quarta-feira (30) as estimativas das popula\u00e7\u00f5es residentes nos 5.570 munic\u00edpios brasileiros, com data de refer\u00eancia em 1\u00ba de julho de 2017. Estima-se que o Brasil tenha 207,7 milh\u00f5es de habitantes e uma taxa de crescimento populacional de 0,77% entre 2016 e 2017, um pouco menor do que a taxa 2015\/2016 (0,80%). [&hellip;]<\/p>\n","protected":false},"author":2,"featured_media":67333,"comment_status":"open","ping_status":"open","sticky":false,"template":"","format":"standard","meta":{"footnotes":"","_links_to":"","_links_to_target":""},"categories":[1],"tags":[],"class_list":["post-67332","post","type-post","status-publish","format-standard","has-post-thumbnail","hentry","category-geral"],"views":3912,"_links":{"self":[{"href":"https:\/\/www.sudoestehoje.com.br\/novoportal\/wp-json\/wp\/v2\/posts\/67332","targetHints":{"allow":["GET"]}}],"collection":[{"href":"https:\/\/www.sudoestehoje.com.br\/novoportal\/wp-json\/wp\/v2\/posts"}],"about":[{"href":"https:\/\/www.sudoestehoje.com.br\/novoportal\/wp-json\/wp\/v2\/types\/post"}],"author":[{"embeddable":true,"href":"https:\/\/www.sudoestehoje.com.br\/novoportal\/wp-json\/wp\/v2\/users\/2"}],"replies":[{"embeddable":true,"href":"https:\/\/www.sudoestehoje.com.br\/novoportal\/wp-json\/wp\/v2\/comments?post=67332"}],"version-history":[{"count":4,"href":"https:\/\/www.sudoestehoje.com.br\/novoportal\/wp-json\/wp\/v2\/posts\/67332\/revisions"}],"predecessor-version":[{"id":67346,"href":"https:\/\/www.sudoestehoje.com.br\/novoportal\/wp-json\/wp\/v2\/posts\/67332\/revisions\/67346"}],"wp:featuredmedia":[{"embeddable":true,"href":"https:\/\/www.sudoestehoje.com.br\/novoportal\/wp-json\/wp\/v2\/media\/67333"}],"wp:attachment":[{"href":"https:\/\/www.sudoestehoje.com.br\/novoportal\/wp-json\/wp\/v2\/media?parent=67332"}],"wp:term":[{"taxonomy":"category","embeddable":true,"href":"https:\/\/www.sudoestehoje.com.br\/novoportal\/wp-json\/wp\/v2\/categories?post=67332"},{"taxonomy":"post_tag","embeddable":true,"href":"https:\/\/www.sudoestehoje.com.br\/novoportal\/wp-json\/wp\/v2\/tags?post=67332"}],"curies":[{"name":"wp","href":"https:\/\/api.w.org\/{rel}","templated":true}]}}