
{"id":67324,"date":"2017-08-29T22:25:23","date_gmt":"2017-08-30T01:25:23","guid":{"rendered":"http:\/\/www.sudoestehoje.com.br\/novoportal\/?p=67324"},"modified":"2017-08-29T22:33:26","modified_gmt":"2017-08-30T01:33:26","slug":"regiao-universitarios-sofrem-acidente-retornando-do-festival-de-inverno","status":"publish","type":"post","link":"https:\/\/www.sudoestehoje.com.br\/novoportal\/2017\/08\/29\/regiao-universitarios-sofrem-acidente-retornando-do-festival-de-inverno\/","title":{"rendered":"REGI\u00c3O: UNIVERSIT\u00c1RIOS SOFREM ACIDENTE RETORNANDO DO FESTIVAL DE INVERNO"},"content":{"rendered":"<p><a href=\"http:\/\/www.sudoestehoje.com.br\/novoportal\/wp-content\/uploads\/2017\/08\/FEST.jpg\"><img loading=\"lazy\" decoding=\"async\" class=\"aligncenter size-medium wp-image-67325\" src=\"http:\/\/www.sudoestehoje.com.br\/novoportal\/wp-content\/uploads\/2017\/08\/FEST-500x302.jpg\" alt=\"\" width=\"500\" height=\"302\" srcset=\"https:\/\/www.sudoestehoje.com.br\/novoportal\/wp-content\/uploads\/2017\/08\/FEST-500x302.jpg 500w, https:\/\/www.sudoestehoje.com.br\/novoportal\/wp-content\/uploads\/2017\/08\/FEST.jpg 529w\" sizes=\"auto, (max-width: 500px) 100vw, 500px\" \/><\/a><\/p>\n<p>O ultimo final de semana vai ficar guardado para sempre na mem\u00f3ria dos estudantes de jornalismo, Maryanne Barros e Em\u00edlio Vieira. O casal de amigos sa\u00edram na tarde da ultima sexta-feira (25), com destino a cidade de Vit\u00f3ria da Conquista, onde aconteceria o Festival de Inverno Bahia 2017. Quando na manh\u00e3 da ultima segunda (28), estariam voltando para cidade de Itabuna, sofreram um acidente automobil\u00edstico, vindo a cair numa ribanceira.<\/p>\n<p><a href=\"http:\/\/www.sudoestehoje.com.br\/novoportal\/wp-content\/uploads\/2017\/08\/carro.jpg\"><img loading=\"lazy\" decoding=\"async\" class=\"aligncenter size-medium wp-image-67330\" src=\"http:\/\/www.sudoestehoje.com.br\/novoportal\/wp-content\/uploads\/2017\/08\/carro-500x302.jpg\" alt=\"\" width=\"500\" height=\"302\" srcset=\"https:\/\/www.sudoestehoje.com.br\/novoportal\/wp-content\/uploads\/2017\/08\/carro-500x302.jpg 500w, https:\/\/www.sudoestehoje.com.br\/novoportal\/wp-content\/uploads\/2017\/08\/carro.jpg 529w\" sizes=\"auto, (max-width: 500px) 100vw, 500px\" \/><\/a><\/p>\n<p>Ao ser resgata por um senhor de prenome Geraldo, que \u00e9 socorrista do SAMU da cidade de Itoror\u00f3, e passava pelo local. A estagiaria postou um v\u00eddeo em sua pagina nas redes sociais, afim de tranquilizar parentes e amigos. No v\u00eddeo, Maryanne questiona o fato do airbag do ve\u00edculo que tinha apenas um ano de uso, n\u00e3o ter funcionado. O carro ficou totalmente destru\u00eddo. J\u00e1 Maryanne e Emilio, nasceram de novo. Em contato com a nossa equipe de reportagem, a estudante relatou com detalhes o ocorrido.\u00a0<strong>Assista v\u00eddeo:<\/strong><\/p>\n<p>https:\/\/www.youtube.com\/watch?v=mUwSXwj5ukI<\/p>\n","protected":false},"excerpt":{"rendered":"<p>O ultimo final de semana vai ficar guardado para sempre na mem\u00f3ria dos estudantes de jornalismo, Maryanne Barros e Em\u00edlio Vieira. O casal de amigos sa\u00edram na tarde da ultima sexta-feira (25), com destino a cidade de Vit\u00f3ria da Conquista, onde aconteceria o Festival de Inverno Bahia 2017. Quando na manh\u00e3 da ultima segunda (28), [&hellip;]<\/p>\n","protected":false},"author":2,"featured_media":67325,"comment_status":"open","ping_status":"open","sticky":false,"template":"","format":"standard","meta":{"footnotes":"","_links_to":"","_links_to_target":""},"categories":[1],"tags":[],"class_list":["post-67324","post","type-post","status-publish","format-standard","has-post-thumbnail","hentry","category-geral"],"views":1540,"_links":{"self":[{"href":"https:\/\/www.sudoestehoje.com.br\/novoportal\/wp-json\/wp\/v2\/posts\/67324","targetHints":{"allow":["GET"]}}],"collection":[{"href":"https:\/\/www.sudoestehoje.com.br\/novoportal\/wp-json\/wp\/v2\/posts"}],"about":[{"href":"https:\/\/www.sudoestehoje.com.br\/novoportal\/wp-json\/wp\/v2\/types\/post"}],"author":[{"embeddable":true,"href":"https:\/\/www.sudoestehoje.com.br\/novoportal\/wp-json\/wp\/v2\/users\/2"}],"replies":[{"embeddable":true,"href":"https:\/\/www.sudoestehoje.com.br\/novoportal\/wp-json\/wp\/v2\/comments?post=67324"}],"version-history":[{"count":2,"href":"https:\/\/www.sudoestehoje.com.br\/novoportal\/wp-json\/wp\/v2\/posts\/67324\/revisions"}],"predecessor-version":[{"id":67331,"href":"https:\/\/www.sudoestehoje.com.br\/novoportal\/wp-json\/wp\/v2\/posts\/67324\/revisions\/67331"}],"wp:featuredmedia":[{"embeddable":true,"href":"https:\/\/www.sudoestehoje.com.br\/novoportal\/wp-json\/wp\/v2\/media\/67325"}],"wp:attachment":[{"href":"https:\/\/www.sudoestehoje.com.br\/novoportal\/wp-json\/wp\/v2\/media?parent=67324"}],"wp:term":[{"taxonomy":"category","embeddable":true,"href":"https:\/\/www.sudoestehoje.com.br\/novoportal\/wp-json\/wp\/v2\/categories?post=67324"},{"taxonomy":"post_tag","embeddable":true,"href":"https:\/\/www.sudoestehoje.com.br\/novoportal\/wp-json\/wp\/v2\/tags?post=67324"}],"curies":[{"name":"wp","href":"https:\/\/api.w.org\/{rel}","templated":true}]}}