
{"id":67305,"date":"2017-08-28T22:10:10","date_gmt":"2017-08-29T01:10:10","guid":{"rendered":"http:\/\/www.sudoestehoje.com.br\/novoportal\/?p=67305"},"modified":"2017-08-28T22:10:10","modified_gmt":"2017-08-29T01:10:10","slug":"governo-volta-atras-e-revoga-decreto-sobre-fim-de-reserva-na-amazonia","status":"publish","type":"post","link":"https:\/\/www.sudoestehoje.com.br\/novoportal\/2017\/08\/28\/governo-volta-atras-e-revoga-decreto-sobre-fim-de-reserva-na-amazonia\/","title":{"rendered":"GOVERNO VOLTA ATR\u00c1S E REVOGA DECRETO SOBRE FIM DE RESERVA NA AMAZ\u00d4NIA"},"content":{"rendered":"<p><a href=\"http:\/\/www.sudoestehoje.com.br\/novoportal\/wp-content\/uploads\/2017\/08\/RESERVA.jpg\"><img loading=\"lazy\" decoding=\"async\" class=\"aligncenter size-medium wp-image-67306\" src=\"http:\/\/www.sudoestehoje.com.br\/novoportal\/wp-content\/uploads\/2017\/08\/RESERVA-500x333.jpg\" alt=\"\" width=\"500\" height=\"333\" srcset=\"https:\/\/www.sudoestehoje.com.br\/novoportal\/wp-content\/uploads\/2017\/08\/RESERVA-500x333.jpg 500w, https:\/\/www.sudoestehoje.com.br\/novoportal\/wp-content\/uploads\/2017\/08\/RESERVA-768x512.jpg 768w, https:\/\/www.sudoestehoje.com.br\/novoportal\/wp-content\/uploads\/2017\/08\/RESERVA-700x467.jpg 700w, https:\/\/www.sudoestehoje.com.br\/novoportal\/wp-content\/uploads\/2017\/08\/RESERVA.jpg 960w\" sizes=\"auto, (max-width: 500px) 100vw, 500px\" \/><\/a><\/p>\n<p>Diante da repercuss\u00e3o negativa do decreto assinado na semana passada que extinguiu a Reserva Nacional do Cobre e Associados (Renca), os ministros Sarney Filho (Meio Ambiente) e Fernando Coelho Filho (Minas Energia) anunciaram nesta segunda-feira, 28, em coletiva no Pal\u00e1cio do Planalto, que o presidente\u00a0<strong><a href=\"http:\/\/exame.abril.com.br\/noticias-sobre\/michel-temer\/\">Michel Temer<\/a><\/strong>\u00a0decidiu revogar o decreto e assinar um novo texto para \u201cclarificar\u201d a quest\u00e3o.<\/p>\n<p>\u201cO decreto sai hoje\u201d, disse Sarney. \u201cEsse novo decreto revoga decreto anterior ao mesmo tempo que clarifica as quest\u00f5es.\u201d<\/p>\n<p>Coelho Filho, que na \u00faltima sexta-feira, 25, concedeu uma coletiva e gravou v\u00eddeos para negar que haveria desmatamento na\u00a0Amaz\u00f4nia, admitiu que o novo decreto \u00e9 \u201cfruto do desdobramento que teve a repercuss\u00e3o\u201d do decreto anterior.<\/p>\n<p>O ministro disse ainda que a ideia \u00e9 desmistificar tamb\u00e9m not\u00edcias de que investidores internacionais j\u00e1 tinham conhecimento pr\u00e9vio do tema e afirmou que o assunto era p\u00fablico aqui no Brasil desde novembro de 2016.<\/p>\n<p>Sarney Filho, por sua vez, disse que, embora o MMA n\u00e3o tenha participado das discuss\u00f5es inicialmente, a repercuss\u00e3o negativa do decreto trouxe a ideia de que o governo poderia estar permitindo o desmatamento da\u00a0Amaz\u00f4nia.<\/p>\n<p>\u201cHouve muita confus\u00e3o da compreens\u00e3o do que era uma reserva de minera\u00e7\u00e3o\u201d, destacou. \u201cA interpreta\u00e7\u00e3o que se deu ao fim dessa reserva era que a\u00a0Amaz\u00f4nia\u00a0estava liberada. Um equ\u00edvoco\u201d, completou, ressaltando que o governo n\u00e3o quer dar a ideia de que est\u00e3o \u201cafrouxando a regra contra o desmatamento da\u00a0Amaz\u00f4nia\u201c.<\/p>\n","protected":false},"excerpt":{"rendered":"<p>Diante da repercuss\u00e3o negativa do decreto assinado na semana passada que extinguiu a Reserva Nacional do Cobre e Associados (Renca), os ministros Sarney Filho (Meio Ambiente) e Fernando Coelho Filho (Minas Energia) anunciaram nesta segunda-feira, 28, em coletiva no Pal\u00e1cio do Planalto, que o presidente\u00a0Michel Temer\u00a0decidiu revogar o decreto e assinar um novo texto para [&hellip;]<\/p>\n","protected":false},"author":2,"featured_media":0,"comment_status":"open","ping_status":"open","sticky":false,"template":"","format":"standard","meta":{"footnotes":"","_links_to":"","_links_to_target":""},"categories":[1],"tags":[],"class_list":["post-67305","post","type-post","status-publish","format-standard","hentry","category-geral"],"views":1223,"_links":{"self":[{"href":"https:\/\/www.sudoestehoje.com.br\/novoportal\/wp-json\/wp\/v2\/posts\/67305","targetHints":{"allow":["GET"]}}],"collection":[{"href":"https:\/\/www.sudoestehoje.com.br\/novoportal\/wp-json\/wp\/v2\/posts"}],"about":[{"href":"https:\/\/www.sudoestehoje.com.br\/novoportal\/wp-json\/wp\/v2\/types\/post"}],"author":[{"embeddable":true,"href":"https:\/\/www.sudoestehoje.com.br\/novoportal\/wp-json\/wp\/v2\/users\/2"}],"replies":[{"embeddable":true,"href":"https:\/\/www.sudoestehoje.com.br\/novoportal\/wp-json\/wp\/v2\/comments?post=67305"}],"version-history":[{"count":1,"href":"https:\/\/www.sudoestehoje.com.br\/novoportal\/wp-json\/wp\/v2\/posts\/67305\/revisions"}],"predecessor-version":[{"id":67307,"href":"https:\/\/www.sudoestehoje.com.br\/novoportal\/wp-json\/wp\/v2\/posts\/67305\/revisions\/67307"}],"wp:attachment":[{"href":"https:\/\/www.sudoestehoje.com.br\/novoportal\/wp-json\/wp\/v2\/media?parent=67305"}],"wp:term":[{"taxonomy":"category","embeddable":true,"href":"https:\/\/www.sudoestehoje.com.br\/novoportal\/wp-json\/wp\/v2\/categories?post=67305"},{"taxonomy":"post_tag","embeddable":true,"href":"https:\/\/www.sudoestehoje.com.br\/novoportal\/wp-json\/wp\/v2\/tags?post=67305"}],"curies":[{"name":"wp","href":"https:\/\/api.w.org\/{rel}","templated":true}]}}