
{"id":6729,"date":"2011-07-14T16:31:15","date_gmt":"2011-07-14T19:31:15","guid":{"rendered":"http:\/\/www.sudoestehoje.com.br\/novoportal\/?p=6729"},"modified":"2011-07-14T16:31:15","modified_gmt":"2011-07-14T19:31:15","slug":"itarantim-gideao-continua-sem-nome-para-sucessao","status":"publish","type":"post","link":"https:\/\/www.sudoestehoje.com.br\/novoportal\/2011\/07\/14\/itarantim-gideao-continua-sem-nome-para-sucessao\/","title":{"rendered":"ITARANTIM: GIDE\u00c3O CONTINUA SEM NOME PARA SUCESS\u00c3O"},"content":{"rendered":"<p style=\"text-align: center;\"><img loading=\"lazy\" decoding=\"async\" class=\"aligncenter\" src=\"http:\/\/portal.cnm.org.br\/sites\/5700\/5770\/02062011_prefeitodaba.jpg\" alt=\"\" width=\"330\" height=\"208\" \/><\/p>\n<p>\u00a0<\/p>\n<p>O prefeito de Itarantim, Gide\u00e3o Matos (PP), est\u00e1 passando por um momento pol\u00edtico bastante delicado. Ele \u201cexpulsou\u201d o seu vice-prefeito, Paulo Souto (PP), do seu grupo pol\u00edtico pelo mesmo n\u00e3o subir no palanque em uma festa organizada pela prefeitura.<\/p>\n<p>Paulo \u00e9 o \u00fanico candidato da \u201cbase\u201d do governo que tem possibilidade de disputar a sucess\u00e3o municipal de 2012 com chance de vit\u00f3ria. Ap\u00f3s o rompimento o prefeito est\u00e1 procurando no seu grupo um nome para ser o seu candidato em 2012.<\/p>\n<p>Ele j\u00e1 tentou os vereadores Zeza (PP), Jorge Viana (PP), e o secret\u00e1rio de administra\u00e7\u00e3o \u00c1lvaro Martins, mas nenhum conseguiu emplacar nas pesquisas e penetrar na base eleitoral do alcaide. Enquanto isso o ex-prefeito Ricardo Souto (PMDB), est\u00e1 navegando em c\u00e9u de brigadeiro a caminho da elei\u00e7\u00e3o de 2012.<\/p>\n<p><em><strong>Pol\u00edticos do Sul da Bahia<\/strong><\/em><\/p>\n","protected":false},"excerpt":{"rendered":"<p>\u00a0 O prefeito de Itarantim, Gide\u00e3o Matos (PP), est\u00e1 passando por um momento pol\u00edtico bastante delicado. Ele \u201cexpulsou\u201d o seu vice-prefeito, Paulo Souto (PP), do seu grupo pol\u00edtico pelo mesmo n\u00e3o subir no palanque em uma festa organizada pela prefeitura. Paulo \u00e9 o \u00fanico candidato da \u201cbase\u201d do governo que tem possibilidade de disputar a [&hellip;]<\/p>\n","protected":false},"author":2,"featured_media":0,"comment_status":"open","ping_status":"open","sticky":false,"template":"","format":"standard","meta":{"footnotes":"","_links_to":"","_links_to_target":""},"categories":[1],"tags":[],"class_list":["post-6729","post","type-post","status-publish","format-standard","hentry","category-geral"],"views":1404,"_links":{"self":[{"href":"https:\/\/www.sudoestehoje.com.br\/novoportal\/wp-json\/wp\/v2\/posts\/6729","targetHints":{"allow":["GET"]}}],"collection":[{"href":"https:\/\/www.sudoestehoje.com.br\/novoportal\/wp-json\/wp\/v2\/posts"}],"about":[{"href":"https:\/\/www.sudoestehoje.com.br\/novoportal\/wp-json\/wp\/v2\/types\/post"}],"author":[{"embeddable":true,"href":"https:\/\/www.sudoestehoje.com.br\/novoportal\/wp-json\/wp\/v2\/users\/2"}],"replies":[{"embeddable":true,"href":"https:\/\/www.sudoestehoje.com.br\/novoportal\/wp-json\/wp\/v2\/comments?post=6729"}],"version-history":[{"count":5,"href":"https:\/\/www.sudoestehoje.com.br\/novoportal\/wp-json\/wp\/v2\/posts\/6729\/revisions"}],"predecessor-version":[{"id":6735,"href":"https:\/\/www.sudoestehoje.com.br\/novoportal\/wp-json\/wp\/v2\/posts\/6729\/revisions\/6735"}],"wp:attachment":[{"href":"https:\/\/www.sudoestehoje.com.br\/novoportal\/wp-json\/wp\/v2\/media?parent=6729"}],"wp:term":[{"taxonomy":"category","embeddable":true,"href":"https:\/\/www.sudoestehoje.com.br\/novoportal\/wp-json\/wp\/v2\/categories?post=6729"},{"taxonomy":"post_tag","embeddable":true,"href":"https:\/\/www.sudoestehoje.com.br\/novoportal\/wp-json\/wp\/v2\/tags?post=6729"}],"curies":[{"name":"wp","href":"https:\/\/api.w.org\/{rel}","templated":true}]}}