
{"id":67283,"date":"2017-08-27T20:12:52","date_gmt":"2017-08-27T23:12:52","guid":{"rendered":"http:\/\/www.sudoestehoje.com.br\/novoportal\/?p=67283"},"modified":"2017-08-27T21:11:13","modified_gmt":"2017-08-28T00:11:13","slug":"intermunicipal-selecao-de-itapetinga-empata-com-ibicarai-no-primaverao","status":"publish","type":"post","link":"https:\/\/www.sudoestehoje.com.br\/novoportal\/2017\/08\/27\/intermunicipal-selecao-de-itapetinga-empata-com-ibicarai-no-primaverao\/","title":{"rendered":"INTERMUNICIPAL: SELE\u00c7\u00c3O DE ITAPETINGA EMPATA COM IBICARA\u00cd NO PRIMAVER\u00c3O"},"content":{"rendered":"<p><a href=\"http:\/\/www.sudoestehoje.com.br\/novoportal\/wp-content\/uploads\/2017\/08\/sele\u00e7\u00e3o-1.jpg\"><img loading=\"lazy\" decoding=\"async\" class=\"aligncenter size-medium wp-image-67284\" src=\"http:\/\/www.sudoestehoje.com.br\/novoportal\/wp-content\/uploads\/2017\/08\/sele\u00e7\u00e3o-1-500x207.jpg\" alt=\"\" width=\"500\" height=\"207\" srcset=\"https:\/\/www.sudoestehoje.com.br\/novoportal\/wp-content\/uploads\/2017\/08\/sele\u00e7\u00e3o-1-500x207.jpg 500w, https:\/\/www.sudoestehoje.com.br\/novoportal\/wp-content\/uploads\/2017\/08\/sele\u00e7\u00e3o-1-768x318.jpg 768w, https:\/\/www.sudoestehoje.com.br\/novoportal\/wp-content\/uploads\/2017\/08\/sele\u00e7\u00e3o-1-700x290.jpg 700w, https:\/\/www.sudoestehoje.com.br\/novoportal\/wp-content\/uploads\/2017\/08\/sele\u00e7\u00e3o-1.jpg 960w\" sizes=\"auto, (max-width: 500px) 100vw, 500px\" \/><\/a><\/p>\n<p>Na tarde deste domingo (27), a Sele\u00e7\u00e3o de Itapetinga enfrentou a Sele\u00e7\u00e3o de Ibicara\u00ed, dentro de casa, no Est\u00e1dio Ant\u00f4nio Carlos Magalh\u00e3es (Primaver\u00e3o). Adriano abriu o placar para o selecionado visitante, Murilo Cabana empatou o jogo para Itapetinga, selando o placar final de 1 a 1.\u00a0Com o resultado, Itapetinga chegou a cinco pontos e Ibicara\u00ed marcou o seu quarto ponto na competi\u00e7\u00e3o.<\/p>\n<p><a href=\"http:\/\/www.sudoestehoje.com.br\/novoportal\/wp-content\/uploads\/2017\/08\/sele\u00e7\u00e3o-3.jpg\"><img loading=\"lazy\" decoding=\"async\" class=\"aligncenter size-medium wp-image-67285\" src=\"http:\/\/www.sudoestehoje.com.br\/novoportal\/wp-content\/uploads\/2017\/08\/sele\u00e7\u00e3o-3-500x331.jpg\" alt=\"\" width=\"500\" height=\"331\" srcset=\"https:\/\/www.sudoestehoje.com.br\/novoportal\/wp-content\/uploads\/2017\/08\/sele\u00e7\u00e3o-3-500x331.jpg 500w, https:\/\/www.sudoestehoje.com.br\/novoportal\/wp-content\/uploads\/2017\/08\/sele\u00e7\u00e3o-3-768x508.jpg 768w, https:\/\/www.sudoestehoje.com.br\/novoportal\/wp-content\/uploads\/2017\/08\/sele\u00e7\u00e3o-3-700x463.jpg 700w, https:\/\/www.sudoestehoje.com.br\/novoportal\/wp-content\/uploads\/2017\/08\/sele\u00e7\u00e3o-3.jpg 960w\" sizes=\"auto, (max-width: 500px) 100vw, 500px\" \/><\/a><\/p>\n<p>No intervalo da partida, o desportista Arnaldo Pereira Silva (Kabello), falecido h\u00e1 poucos dias, foi homenageado por desportistas locais e pelo prefeito Rodrigo Hagge (PMDB), que prestigiou a partida.<\/p>\n<p>Cerca de 1.200 pessoas compareceram a partida no Primaver\u00e3o, que teve a renda total de R$ 6,535 reais.<\/p>\n<p><a href=\"http:\/\/www.sudoestehoje.com.br\/novoportal\/wp-content\/uploads\/2017\/08\/sele\u00e7\u00e3o-2.jpg\"><img loading=\"lazy\" decoding=\"async\" class=\"aligncenter size-medium wp-image-67286\" src=\"http:\/\/www.sudoestehoje.com.br\/novoportal\/wp-content\/uploads\/2017\/08\/sele\u00e7\u00e3o-2-500x305.jpg\" alt=\"\" width=\"500\" height=\"305\" srcset=\"https:\/\/www.sudoestehoje.com.br\/novoportal\/wp-content\/uploads\/2017\/08\/sele\u00e7\u00e3o-2-500x305.jpg 500w, https:\/\/www.sudoestehoje.com.br\/novoportal\/wp-content\/uploads\/2017\/08\/sele\u00e7\u00e3o-2-768x468.jpg 768w, https:\/\/www.sudoestehoje.com.br\/novoportal\/wp-content\/uploads\/2017\/08\/sele\u00e7\u00e3o-2-700x427.jpg 700w, https:\/\/www.sudoestehoje.com.br\/novoportal\/wp-content\/uploads\/2017\/08\/sele\u00e7\u00e3o-2.jpg 960w\" sizes=\"auto, (max-width: 500px) 100vw, 500px\" \/><\/a><\/p>\n<p>No outro jogo do grupo 12, Itarantim empatou em casa com o selecionado de Itamb\u00e9, em 1 x 1. Itarantim lidera a chave com 6 pontos. J\u00e1 Itamb\u00e9 \u00e9 a lanterna com apenas tr\u00eas pontos. \/\/ <strong><em>Reda\u00e7\u00e3o Lucas Aguiar &#8211; Fotos Gazinho<\/em><\/strong><\/p>\n","protected":false},"excerpt":{"rendered":"<p>Na tarde deste domingo (27), a Sele\u00e7\u00e3o de Itapetinga enfrentou a Sele\u00e7\u00e3o de Ibicara\u00ed, dentro de casa, no Est\u00e1dio Ant\u00f4nio Carlos Magalh\u00e3es (Primaver\u00e3o). Adriano abriu o placar para o selecionado visitante, Murilo Cabana empatou o jogo para Itapetinga, selando o placar final de 1 a 1.\u00a0Com o resultado, Itapetinga chegou a cinco pontos e Ibicara\u00ed [&hellip;]<\/p>\n","protected":false},"author":2,"featured_media":67284,"comment_status":"open","ping_status":"open","sticky":false,"template":"","format":"standard","meta":{"footnotes":"","_links_to":"","_links_to_target":""},"categories":[1],"tags":[],"class_list":["post-67283","post","type-post","status-publish","format-standard","has-post-thumbnail","hentry","category-geral"],"views":1941,"_links":{"self":[{"href":"https:\/\/www.sudoestehoje.com.br\/novoportal\/wp-json\/wp\/v2\/posts\/67283","targetHints":{"allow":["GET"]}}],"collection":[{"href":"https:\/\/www.sudoestehoje.com.br\/novoportal\/wp-json\/wp\/v2\/posts"}],"about":[{"href":"https:\/\/www.sudoestehoje.com.br\/novoportal\/wp-json\/wp\/v2\/types\/post"}],"author":[{"embeddable":true,"href":"https:\/\/www.sudoestehoje.com.br\/novoportal\/wp-json\/wp\/v2\/users\/2"}],"replies":[{"embeddable":true,"href":"https:\/\/www.sudoestehoje.com.br\/novoportal\/wp-json\/wp\/v2\/comments?post=67283"}],"version-history":[{"count":3,"href":"https:\/\/www.sudoestehoje.com.br\/novoportal\/wp-json\/wp\/v2\/posts\/67283\/revisions"}],"predecessor-version":[{"id":67289,"href":"https:\/\/www.sudoestehoje.com.br\/novoportal\/wp-json\/wp\/v2\/posts\/67283\/revisions\/67289"}],"wp:featuredmedia":[{"embeddable":true,"href":"https:\/\/www.sudoestehoje.com.br\/novoportal\/wp-json\/wp\/v2\/media\/67284"}],"wp:attachment":[{"href":"https:\/\/www.sudoestehoje.com.br\/novoportal\/wp-json\/wp\/v2\/media?parent=67283"}],"wp:term":[{"taxonomy":"category","embeddable":true,"href":"https:\/\/www.sudoestehoje.com.br\/novoportal\/wp-json\/wp\/v2\/categories?post=67283"},{"taxonomy":"post_tag","embeddable":true,"href":"https:\/\/www.sudoestehoje.com.br\/novoportal\/wp-json\/wp\/v2\/tags?post=67283"}],"curies":[{"name":"wp","href":"https:\/\/api.w.org\/{rel}","templated":true}]}}