
{"id":67280,"date":"2017-08-27T19:28:50","date_gmt":"2017-08-27T22:28:50","guid":{"rendered":"http:\/\/www.sudoestehoje.com.br\/novoportal\/?p=67280"},"modified":"2017-08-27T19:28:50","modified_gmt":"2017-08-27T22:28:50","slug":"mulher-induz-crianca-de-10-anos-a-roubar-celular-em-feira-de-santana","status":"publish","type":"post","link":"https:\/\/www.sudoestehoje.com.br\/novoportal\/2017\/08\/27\/mulher-induz-crianca-de-10-anos-a-roubar-celular-em-feira-de-santana\/","title":{"rendered":"MULHER INDUZ CRIAN\u00c7A DE 10 ANOS A ROUBAR CELULAR EM FEIRA DE SANTANA"},"content":{"rendered":"<div class=\"mc-column content-text active-extra-styles active-capital-letter\" data-block-type=\"unstyled\" data-block-weight=\"41\">\n<p class=\"content-text__container theme-color-primary-first-letter\" data-track-category=\"Link no Texto\" data-track-links=\"\"><a href=\"http:\/\/www.sudoestehoje.com.br\/novoportal\/wp-content\/uploads\/2017\/08\/CELULAR.jpg\"><img loading=\"lazy\" decoding=\"async\" class=\"aligncenter size-medium wp-image-67281\" src=\"http:\/\/www.sudoestehoje.com.br\/novoportal\/wp-content\/uploads\/2017\/08\/CELULAR-500x281.jpg\" alt=\"\" width=\"500\" height=\"281\" srcset=\"https:\/\/www.sudoestehoje.com.br\/novoportal\/wp-content\/uploads\/2017\/08\/CELULAR-500x281.jpg 500w, https:\/\/www.sudoestehoje.com.br\/novoportal\/wp-content\/uploads\/2017\/08\/CELULAR-768x432.jpg 768w, https:\/\/www.sudoestehoje.com.br\/novoportal\/wp-content\/uploads\/2017\/08\/CELULAR-700x394.jpg 700w, https:\/\/www.sudoestehoje.com.br\/novoportal\/wp-content\/uploads\/2017\/08\/CELULAR.jpg 1280w\" sizes=\"auto, (max-width: 500px) 100vw, 500px\" \/><\/a><\/p>\n<p class=\"content-text__container theme-color-primary-first-letter\" data-track-category=\"Link no Texto\" data-track-links=\"\">Uma mulher, que ainda n\u00e3o foi identificada, induziu uma crian\u00e7a de aproximadamente 10 anos a roubar um aparelho celular em uma loja de latic\u00ednios de Feira de Santana, cidade a cerca de 100 km da capital.<\/p>\n<\/div>\n<div class=\"mc-column content-text active-extra-styles \" data-block-type=\"unstyled\" data-block-weight=\"38\">\n<p class=\"content-text__container \" data-track-category=\"Link no Texto\" data-track-links=\"\">A a\u00e7\u00e3o foi filmada pelas c\u00e2meras de seguran\u00e7a do estabelecimento. O caso aconteceu no dia 17, mas as imagens s\u00f3 foram divulgadas no s\u00e1bado (26). Ainda n\u00e3o h\u00e1 informa\u00e7\u00f5es se h\u00e1 parentesco entra e mulher e a crian\u00e7a. <span style=\"color: #0000ff;\"><strong><a style=\"color: #0000ff;\" href=\"http:\/\/g1.globo.com\/bahia\/noticia\/mulher-induz-crianca-a-roubar-aparelho-celular-em-estabelecimento.ghtml\">CONFIRA V\u00cdDEO NO G1<\/a><\/strong><\/span><\/p>\n<\/div>\n","protected":false},"excerpt":{"rendered":"<p>Uma mulher, que ainda n\u00e3o foi identificada, induziu uma crian\u00e7a de aproximadamente 10 anos a roubar um aparelho celular em uma loja de latic\u00ednios de Feira de Santana, cidade a cerca de 100 km da capital. A a\u00e7\u00e3o foi filmada pelas c\u00e2meras de seguran\u00e7a do estabelecimento. O caso aconteceu no dia 17, mas as imagens [&hellip;]<\/p>\n","protected":false},"author":2,"featured_media":67281,"comment_status":"open","ping_status":"open","sticky":false,"template":"","format":"standard","meta":{"footnotes":"","_links_to":"","_links_to_target":""},"categories":[1],"tags":[],"class_list":["post-67280","post","type-post","status-publish","format-standard","has-post-thumbnail","hentry","category-geral"],"views":1436,"_links":{"self":[{"href":"https:\/\/www.sudoestehoje.com.br\/novoportal\/wp-json\/wp\/v2\/posts\/67280","targetHints":{"allow":["GET"]}}],"collection":[{"href":"https:\/\/www.sudoestehoje.com.br\/novoportal\/wp-json\/wp\/v2\/posts"}],"about":[{"href":"https:\/\/www.sudoestehoje.com.br\/novoportal\/wp-json\/wp\/v2\/types\/post"}],"author":[{"embeddable":true,"href":"https:\/\/www.sudoestehoje.com.br\/novoportal\/wp-json\/wp\/v2\/users\/2"}],"replies":[{"embeddable":true,"href":"https:\/\/www.sudoestehoje.com.br\/novoportal\/wp-json\/wp\/v2\/comments?post=67280"}],"version-history":[{"count":1,"href":"https:\/\/www.sudoestehoje.com.br\/novoportal\/wp-json\/wp\/v2\/posts\/67280\/revisions"}],"predecessor-version":[{"id":67282,"href":"https:\/\/www.sudoestehoje.com.br\/novoportal\/wp-json\/wp\/v2\/posts\/67280\/revisions\/67282"}],"wp:featuredmedia":[{"embeddable":true,"href":"https:\/\/www.sudoestehoje.com.br\/novoportal\/wp-json\/wp\/v2\/media\/67281"}],"wp:attachment":[{"href":"https:\/\/www.sudoestehoje.com.br\/novoportal\/wp-json\/wp\/v2\/media?parent=67280"}],"wp:term":[{"taxonomy":"category","embeddable":true,"href":"https:\/\/www.sudoestehoje.com.br\/novoportal\/wp-json\/wp\/v2\/categories?post=67280"},{"taxonomy":"post_tag","embeddable":true,"href":"https:\/\/www.sudoestehoje.com.br\/novoportal\/wp-json\/wp\/v2\/tags?post=67280"}],"curies":[{"name":"wp","href":"https:\/\/api.w.org\/{rel}","templated":true}]}}