
{"id":67276,"date":"2017-08-27T00:56:30","date_gmt":"2017-08-27T03:56:30","guid":{"rendered":"http:\/\/www.sudoestehoje.com.br\/novoportal\/?p=67276"},"modified":"2017-08-27T01:03:24","modified_gmt":"2017-08-27T04:03:24","slug":"economia-botijao-de-gas-vai-ficar-mais-caro-a-partir-de-setembro","status":"publish","type":"post","link":"https:\/\/www.sudoestehoje.com.br\/novoportal\/2017\/08\/27\/economia-botijao-de-gas-vai-ficar-mais-caro-a-partir-de-setembro\/","title":{"rendered":"ECONOMIA: BOTIJ\u00c3O DE G\u00c1S VAI FICAR MAIS CARO A PARTIR DE SETEMBRO"},"content":{"rendered":"<p><a href=\"http:\/\/www.sudoestehoje.com.br\/novoportal\/wp-content\/uploads\/2017\/08\/gas.jpg\"><img loading=\"lazy\" decoding=\"async\" class=\"aligncenter size-medium wp-image-67277\" src=\"http:\/\/www.sudoestehoje.com.br\/novoportal\/wp-content\/uploads\/2017\/08\/gas-500x419.jpg\" alt=\"\" width=\"500\" height=\"419\" srcset=\"https:\/\/www.sudoestehoje.com.br\/novoportal\/wp-content\/uploads\/2017\/08\/gas-500x419.jpg 500w, https:\/\/www.sudoestehoje.com.br\/novoportal\/wp-content\/uploads\/2017\/08\/gas.jpg 620w\" sizes=\"auto, (max-width: 500px) 100vw, 500px\" \/><\/a><\/p>\n<p>O pre\u00e7o do botij\u00e3o de g\u00e1s ficou 9,50% mais alto em 12 meses, de agosto de 2016 a julho de 2017, quase tr\u00eas vezes maior que a infla\u00e7\u00e3o calculada pela FGV IBRE no per\u00edodo, que ficou em 3,45%. O aumento passou de 0,19% em junho para 0,32% em julho, segundo dados do IPC Brasil, calculado pelo Instituto Brasileiro de Economia da Funda\u00e7\u00e3o Getulio Vargas (IBRE).<\/p>\n<p>E o consumidor j\u00e1 pode se preparar para outro aumento, de 9% a 10% no pr\u00f3ximo m\u00eas, segundo as estimativas da Associa\u00e7\u00e3o Brasileira das Revendedoras de G\u00e1s LP (Abrag\u00e1s).<\/p>\n<p>Isso acontecer\u00e1 porque setembro \u00e9 a data base da categoria, e haver\u00e1 aumentos salarias de todos empregados de distribuidoras e revendedoras, al\u00e9m de o setor repassar o custo operacional represado durante o ano, como combust\u00edveis, pneus e manuten\u00e7\u00e3o de ve\u00edculos, etc.<\/p>\n<p>O presidente da Associa\u00e7\u00e3o Brasileira das Revendedoras de G\u00e1s LP (Abrag\u00e1s), Jos\u00e9 Luiz Rocha, afirma que o peso no bolso do consumidor \u00e9 causado pela nova pol\u00edtica de pre\u00e7os da Petrobras. &#8220;O aumento afeta as distribuidoras, que fazem o repasse para os revendedores, que reajustam o pre\u00e7o final. \u00c9 um efeito em cascata&#8221;. diz.<\/p>\n","protected":false},"excerpt":{"rendered":"<p>O pre\u00e7o do botij\u00e3o de g\u00e1s ficou 9,50% mais alto em 12 meses, de agosto de 2016 a julho de 2017, quase tr\u00eas vezes maior que a infla\u00e7\u00e3o calculada pela FGV IBRE no per\u00edodo, que ficou em 3,45%. O aumento passou de 0,19% em junho para 0,32% em julho, segundo dados do IPC Brasil, calculado [&hellip;]<\/p>\n","protected":false},"author":2,"featured_media":67277,"comment_status":"open","ping_status":"open","sticky":false,"template":"","format":"standard","meta":{"footnotes":"","_links_to":"","_links_to_target":""},"categories":[1],"tags":[],"class_list":["post-67276","post","type-post","status-publish","format-standard","has-post-thumbnail","hentry","category-geral"],"views":1295,"_links":{"self":[{"href":"https:\/\/www.sudoestehoje.com.br\/novoportal\/wp-json\/wp\/v2\/posts\/67276","targetHints":{"allow":["GET"]}}],"collection":[{"href":"https:\/\/www.sudoestehoje.com.br\/novoportal\/wp-json\/wp\/v2\/posts"}],"about":[{"href":"https:\/\/www.sudoestehoje.com.br\/novoportal\/wp-json\/wp\/v2\/types\/post"}],"author":[{"embeddable":true,"href":"https:\/\/www.sudoestehoje.com.br\/novoportal\/wp-json\/wp\/v2\/users\/2"}],"replies":[{"embeddable":true,"href":"https:\/\/www.sudoestehoje.com.br\/novoportal\/wp-json\/wp\/v2\/comments?post=67276"}],"version-history":[{"count":1,"href":"https:\/\/www.sudoestehoje.com.br\/novoportal\/wp-json\/wp\/v2\/posts\/67276\/revisions"}],"predecessor-version":[{"id":67278,"href":"https:\/\/www.sudoestehoje.com.br\/novoportal\/wp-json\/wp\/v2\/posts\/67276\/revisions\/67278"}],"wp:featuredmedia":[{"embeddable":true,"href":"https:\/\/www.sudoestehoje.com.br\/novoportal\/wp-json\/wp\/v2\/media\/67277"}],"wp:attachment":[{"href":"https:\/\/www.sudoestehoje.com.br\/novoportal\/wp-json\/wp\/v2\/media?parent=67276"}],"wp:term":[{"taxonomy":"category","embeddable":true,"href":"https:\/\/www.sudoestehoje.com.br\/novoportal\/wp-json\/wp\/v2\/categories?post=67276"},{"taxonomy":"post_tag","embeddable":true,"href":"https:\/\/www.sudoestehoje.com.br\/novoportal\/wp-json\/wp\/v2\/tags?post=67276"}],"curies":[{"name":"wp","href":"https:\/\/api.w.org\/{rel}","templated":true}]}}