
{"id":67253,"date":"2017-08-26T19:01:25","date_gmt":"2017-08-26T22:01:25","guid":{"rendered":"http:\/\/www.sudoestehoje.com.br\/novoportal\/?p=67253"},"modified":"2017-08-26T19:04:38","modified_gmt":"2017-08-26T22:04:38","slug":"itapetinga-prefeitura-lanca-projeto-molecada-na-concha-acustica-lotada","status":"publish","type":"post","link":"https:\/\/www.sudoestehoje.com.br\/novoportal\/2017\/08\/26\/itapetinga-prefeitura-lanca-projeto-molecada-na-concha-acustica-lotada\/","title":{"rendered":"ITAPETINGA: PREFEITURA LAN\u00c7A &#8220;PROJETO MOLECADA&#8221; COM CONCHA AC\u00daSTICA LOTADA"},"content":{"rendered":"<div id=\"yui_3_16_0_ym19_1_1503783991481_2496\">\n<p><a href=\"http:\/\/www.sudoestehoje.com.br\/novoportal\/wp-content\/uploads\/2017\/08\/m-1.jpg\"><img loading=\"lazy\" decoding=\"async\" class=\"aligncenter size-medium wp-image-67254\" src=\"http:\/\/www.sudoestehoje.com.br\/novoportal\/wp-content\/uploads\/2017\/08\/m-1-500x307.jpg\" alt=\"\" width=\"500\" height=\"307\" srcset=\"https:\/\/www.sudoestehoje.com.br\/novoportal\/wp-content\/uploads\/2017\/08\/m-1-500x307.jpg 500w, https:\/\/www.sudoestehoje.com.br\/novoportal\/wp-content\/uploads\/2017\/08\/m-1.jpg 640w\" sizes=\"auto, (max-width: 500px) 100vw, 500px\" \/><\/a><\/p>\n<p>Nesta sexta-feira, 25, a Concha Ac\u00fastica ficou lotada para acompanhar o lan\u00e7amento do projeto Molecada, contra a erradica\u00e7\u00e3o do trabalho infantil. A Prefeitura de Itapetinga, atrav\u00e9s da Secretaria de Educa\u00e7\u00e3o, apresentou um grande festival de talentos estudantil com o objetivo de promover a socializa\u00e7\u00e3o dos talentos descobertos nas escolas municipais. M\u00fasica, dan\u00e7a, poesia e teatro passaram pelo grande palco da Concha para lutar contra a explora\u00e7\u00e3o do trabalho de crian\u00e7as e adolescentes. Al\u00e9m disso, mini palestras debateram temas como os direitos e deveres, o Estatuto da Crian\u00e7a e Adolescente \u2013 ECA, preju\u00edzos que o trabalho precoce pode acarretar e a\u00e7\u00f5es para a erradica\u00e7\u00e3o do trabalho infantil.<\/p>\n<p><a href=\"http:\/\/www.sudoestehoje.com.br\/novoportal\/wp-content\/uploads\/2017\/08\/m-3.jpg\"><img loading=\"lazy\" decoding=\"async\" class=\"aligncenter size-medium wp-image-67256\" src=\"http:\/\/www.sudoestehoje.com.br\/novoportal\/wp-content\/uploads\/2017\/08\/m-3-500x320.jpg\" alt=\"\" width=\"500\" height=\"320\" srcset=\"https:\/\/www.sudoestehoje.com.br\/novoportal\/wp-content\/uploads\/2017\/08\/m-3-500x320.jpg 500w, https:\/\/www.sudoestehoje.com.br\/novoportal\/wp-content\/uploads\/2017\/08\/m-3.jpg 640w\" sizes=\"auto, (max-width: 500px) 100vw, 500px\" \/><\/a><\/p>\n<p>Como explicou o secret\u00e1rio de Educa\u00e7\u00e3o, Geraldo Trindade, o festival apenas tornou p\u00fablico um projeto j\u00e1 em execu\u00e7\u00e3o nas escolas. A secretaria j\u00e1 vem, durante todo ano, fazendo um importante trabalho de reflex\u00e3o sobre o tema com os alunos do Ensino Fundamental II &#8211; 5\u00ba ao 9\u00ba ano.\u00a0 Em sua fala de apresenta\u00e7\u00e3o oficial do projeto, Geraldo contou que a secretaria fez uma pesquisa com mais de quatro mil alunos e detectou que em todas as escolas municipais existem alunos, de 9 a 17 anos, que trabalham. E \u00e9 justamente essa realidade que a Secretaria de Sa\u00fade quer modificar.<\/p>\n<p><a href=\"http:\/\/www.sudoestehoje.com.br\/novoportal\/wp-content\/uploads\/2017\/08\/m-2.jpg\"><img loading=\"lazy\" decoding=\"async\" class=\"aligncenter size-medium wp-image-67255\" src=\"http:\/\/www.sudoestehoje.com.br\/novoportal\/wp-content\/uploads\/2017\/08\/m-2-500x331.jpg\" alt=\"\" width=\"500\" height=\"331\" srcset=\"https:\/\/www.sudoestehoje.com.br\/novoportal\/wp-content\/uploads\/2017\/08\/m-2-500x331.jpg 500w, https:\/\/www.sudoestehoje.com.br\/novoportal\/wp-content\/uploads\/2017\/08\/m-2.jpg 640w\" sizes=\"auto, (max-width: 500px) 100vw, 500px\" \/><\/a><\/p>\n<p>\u201cN\u00f3s n\u00e3o podemos admitir que a inf\u00e2ncia seja roubada. \u00c9 nessa fase que acontecem as melhores experi\u00eancias e quando se come\u00e7a a forma\u00e7\u00e3o do car\u00e1ter. Lugar de crian\u00e7a \u00e9 na escola. Aproveitem o que os professores t\u00eam a oferecer a voc\u00eas. S\u00e3o voc\u00eas que ser\u00e3o os principais respons\u00e1veis por mudar o cen\u00e1rio ruim que o pa\u00eds construiu nos \u00faltimos anos\u201d, falou o prefeito Rodrigo Hagge. Para o prefeito, \u00e9 preciso identificar os pontos de vulnerabilidade e trabalhar de forma respons\u00e1vel para corrigi-los. \u201cItapetinga tem muito a avan\u00e7ar. E as nossas crian\u00e7as ter\u00e3o um futuro brilhante\u201d, finalizou Rodrigo.<\/p>\n<p><a href=\"http:\/\/www.sudoestehoje.com.br\/novoportal\/wp-content\/uploads\/2017\/08\/m-4.jpg\"><img loading=\"lazy\" decoding=\"async\" class=\"aligncenter size-medium wp-image-67257\" src=\"http:\/\/www.sudoestehoje.com.br\/novoportal\/wp-content\/uploads\/2017\/08\/m-4-500x331.jpg\" alt=\"\" width=\"500\" height=\"331\" srcset=\"https:\/\/www.sudoestehoje.com.br\/novoportal\/wp-content\/uploads\/2017\/08\/m-4-500x331.jpg 500w, https:\/\/www.sudoestehoje.com.br\/novoportal\/wp-content\/uploads\/2017\/08\/m-4.jpg 640w\" sizes=\"auto, (max-width: 500px) 100vw, 500px\" \/><\/a><\/p>\n<p>\u201cBrincar, estudar, viver&#8230; trabalhar s\u00f3 quando crescer\u201d. Esta foi a mensagem passada com sucesso pelo festival.\u00a0 A Prefeitura de Itapetinga est\u00e1 na luta contra a explora\u00e7\u00e3o do trabalho infantil, consciente de que, como cantaram as crian\u00e7as em uma das apresenta\u00e7\u00f5es, \u201ccrian\u00e7a n\u00e3o trabalha, crian\u00e7a d\u00e1 trabalho\u201d. Erradica\u00e7\u00e3o do trabalho infantil ser\u00e1 sempre uma luta encampada pela atual gest\u00e3o municipal. \/\/ Ascom<\/p>\n<\/div>\n","protected":false},"excerpt":{"rendered":"<p>Nesta sexta-feira, 25, a Concha Ac\u00fastica ficou lotada para acompanhar o lan\u00e7amento do projeto Molecada, contra a erradica\u00e7\u00e3o do trabalho infantil. A Prefeitura de Itapetinga, atrav\u00e9s da Secretaria de Educa\u00e7\u00e3o, apresentou um grande festival de talentos estudantil com o objetivo de promover a socializa\u00e7\u00e3o dos talentos descobertos nas escolas municipais. M\u00fasica, dan\u00e7a, poesia e teatro [&hellip;]<\/p>\n","protected":false},"author":2,"featured_media":67254,"comment_status":"open","ping_status":"open","sticky":false,"template":"","format":"standard","meta":{"footnotes":"","_links_to":"","_links_to_target":""},"categories":[1],"tags":[],"class_list":["post-67253","post","type-post","status-publish","format-standard","has-post-thumbnail","hentry","category-geral"],"views":1769,"_links":{"self":[{"href":"https:\/\/www.sudoestehoje.com.br\/novoportal\/wp-json\/wp\/v2\/posts\/67253","targetHints":{"allow":["GET"]}}],"collection":[{"href":"https:\/\/www.sudoestehoje.com.br\/novoportal\/wp-json\/wp\/v2\/posts"}],"about":[{"href":"https:\/\/www.sudoestehoje.com.br\/novoportal\/wp-json\/wp\/v2\/types\/post"}],"author":[{"embeddable":true,"href":"https:\/\/www.sudoestehoje.com.br\/novoportal\/wp-json\/wp\/v2\/users\/2"}],"replies":[{"embeddable":true,"href":"https:\/\/www.sudoestehoje.com.br\/novoportal\/wp-json\/wp\/v2\/comments?post=67253"}],"version-history":[{"count":3,"href":"https:\/\/www.sudoestehoje.com.br\/novoportal\/wp-json\/wp\/v2\/posts\/67253\/revisions"}],"predecessor-version":[{"id":67262,"href":"https:\/\/www.sudoestehoje.com.br\/novoportal\/wp-json\/wp\/v2\/posts\/67253\/revisions\/67262"}],"wp:featuredmedia":[{"embeddable":true,"href":"https:\/\/www.sudoestehoje.com.br\/novoportal\/wp-json\/wp\/v2\/media\/67254"}],"wp:attachment":[{"href":"https:\/\/www.sudoestehoje.com.br\/novoportal\/wp-json\/wp\/v2\/media?parent=67253"}],"wp:term":[{"taxonomy":"category","embeddable":true,"href":"https:\/\/www.sudoestehoje.com.br\/novoportal\/wp-json\/wp\/v2\/categories?post=67253"},{"taxonomy":"post_tag","embeddable":true,"href":"https:\/\/www.sudoestehoje.com.br\/novoportal\/wp-json\/wp\/v2\/tags?post=67253"}],"curies":[{"name":"wp","href":"https:\/\/api.w.org\/{rel}","templated":true}]}}