
{"id":67245,"date":"2017-08-25T19:32:42","date_gmt":"2017-08-25T22:32:42","guid":{"rendered":"http:\/\/www.sudoestehoje.com.br\/novoportal\/?p=67245"},"modified":"2017-08-25T19:32:42","modified_gmt":"2017-08-25T22:32:42","slug":"brasil-carro-que-levava-filho-de-temer-para-universidade-capota-no-df","status":"publish","type":"post","link":"https:\/\/www.sudoestehoje.com.br\/novoportal\/2017\/08\/25\/brasil-carro-que-levava-filho-de-temer-para-universidade-capota-no-df\/","title":{"rendered":"BRASIL: CARRO QUE LEVAVA FILHO DE TEMER PARA UNIVERSIDADE CAPOTA NO DF"},"content":{"rendered":"<p><a href=\"http:\/\/www.sudoestehoje.com.br\/novoportal\/wp-content\/uploads\/2017\/08\/CARRO-FILHO-TEMER.jpg\"><img loading=\"lazy\" decoding=\"async\" class=\"aligncenter size-medium wp-image-67246\" src=\"http:\/\/www.sudoestehoje.com.br\/novoportal\/wp-content\/uploads\/2017\/08\/CARRO-FILHO-TEMER-500x311.jpg\" alt=\"\" width=\"500\" height=\"311\" srcset=\"https:\/\/www.sudoestehoje.com.br\/novoportal\/wp-content\/uploads\/2017\/08\/CARRO-FILHO-TEMER-500x311.jpg 500w, https:\/\/www.sudoestehoje.com.br\/novoportal\/wp-content\/uploads\/2017\/08\/CARRO-FILHO-TEMER-768x478.jpg 768w, https:\/\/www.sudoestehoje.com.br\/novoportal\/wp-content\/uploads\/2017\/08\/CARRO-FILHO-TEMER-700x436.jpg 700w, https:\/\/www.sudoestehoje.com.br\/novoportal\/wp-content\/uploads\/2017\/08\/CARRO-FILHO-TEMER.jpg 940w\" sizes=\"auto, (max-width: 500px) 100vw, 500px\" \/><\/a><\/p>\n<p>BRAS\u00cdLIA &#8211; Na manh\u00e3 de quinta-feira, 24, o carro que transportava Eduardo, um dos cinco filhos do presidente Michel Temer, de 18 anos, se envolveu em uma acidente na Asa Sul, em Bras\u00edlia, quando o rapaz estava indo para a universidade. O carro que levava Eduardo capotou, mas ele n\u00e3o se feriu. Ap\u00f3s o acidente, Eduardo seguiu para a aula.<\/p>\n<p>O autom\u00f3vel que conduzia Eduardo era dirigido pelo sargento do Ex\u00e9rcito Paulo S\u00e9rgio Flor\u00eancio, que \u00e9 lotado na Vice-Presid\u00eancia da Rep\u00fablica e, h\u00e1 um ano, ocupa cargo de assistente na Assessoria Militar.<\/p>\n<p>O acidente envolveu dois carros, um Ford Focus e um GM Corsa, e aconteceu por volta das 8h10, no Eix\u00e3o Sul, provocando reten\u00e7\u00e3o no tr\u00e2nsito. Todos foram socorridos pelo Corpo de Bombeiros mas ningu\u00e9m ficou ferido.<\/p>\n<p>O Pal\u00e1cio do Planalto n\u00e3o quis comentar o epis\u00f3dio.<\/p>\n","protected":false},"excerpt":{"rendered":"<p>BRAS\u00cdLIA &#8211; Na manh\u00e3 de quinta-feira, 24, o carro que transportava Eduardo, um dos cinco filhos do presidente Michel Temer, de 18 anos, se envolveu em uma acidente na Asa Sul, em Bras\u00edlia, quando o rapaz estava indo para a universidade. O carro que levava Eduardo capotou, mas ele n\u00e3o se feriu. Ap\u00f3s o acidente, [&hellip;]<\/p>\n","protected":false},"author":2,"featured_media":67246,"comment_status":"open","ping_status":"open","sticky":false,"template":"","format":"standard","meta":{"footnotes":"","_links_to":"","_links_to_target":""},"categories":[1],"tags":[],"class_list":["post-67245","post","type-post","status-publish","format-standard","has-post-thumbnail","hentry","category-geral"],"views":1017,"_links":{"self":[{"href":"https:\/\/www.sudoestehoje.com.br\/novoportal\/wp-json\/wp\/v2\/posts\/67245","targetHints":{"allow":["GET"]}}],"collection":[{"href":"https:\/\/www.sudoestehoje.com.br\/novoportal\/wp-json\/wp\/v2\/posts"}],"about":[{"href":"https:\/\/www.sudoestehoje.com.br\/novoportal\/wp-json\/wp\/v2\/types\/post"}],"author":[{"embeddable":true,"href":"https:\/\/www.sudoestehoje.com.br\/novoportal\/wp-json\/wp\/v2\/users\/2"}],"replies":[{"embeddable":true,"href":"https:\/\/www.sudoestehoje.com.br\/novoportal\/wp-json\/wp\/v2\/comments?post=67245"}],"version-history":[{"count":3,"href":"https:\/\/www.sudoestehoje.com.br\/novoportal\/wp-json\/wp\/v2\/posts\/67245\/revisions"}],"predecessor-version":[{"id":67249,"href":"https:\/\/www.sudoestehoje.com.br\/novoportal\/wp-json\/wp\/v2\/posts\/67245\/revisions\/67249"}],"wp:featuredmedia":[{"embeddable":true,"href":"https:\/\/www.sudoestehoje.com.br\/novoportal\/wp-json\/wp\/v2\/media\/67246"}],"wp:attachment":[{"href":"https:\/\/www.sudoestehoje.com.br\/novoportal\/wp-json\/wp\/v2\/media?parent=67245"}],"wp:term":[{"taxonomy":"category","embeddable":true,"href":"https:\/\/www.sudoestehoje.com.br\/novoportal\/wp-json\/wp\/v2\/categories?post=67245"},{"taxonomy":"post_tag","embeddable":true,"href":"https:\/\/www.sudoestehoje.com.br\/novoportal\/wp-json\/wp\/v2\/tags?post=67245"}],"curies":[{"name":"wp","href":"https:\/\/api.w.org\/{rel}","templated":true}]}}