
{"id":67239,"date":"2017-08-25T18:13:40","date_gmt":"2017-08-25T21:13:40","guid":{"rendered":"http:\/\/www.sudoestehoje.com.br\/novoportal\/?p=67239"},"modified":"2017-08-25T18:13:40","modified_gmt":"2017-08-25T21:13:40","slug":"parecer-de-otto-rejeitou-projeto-que-obrigava-uso-de-coletes-em-embarcacoes","status":"publish","type":"post","link":"https:\/\/www.sudoestehoje.com.br\/novoportal\/2017\/08\/25\/parecer-de-otto-rejeitou-projeto-que-obrigava-uso-de-coletes-em-embarcacoes\/","title":{"rendered":"PARECER DE OTTO REJEITOU PROJETO QUE OBRIGAVA USO DE COLETES EM EMBARCA\u00c7\u00d5ES"},"content":{"rendered":"<p><a href=\"http:\/\/www.sudoestehoje.com.br\/novoportal\/wp-content\/uploads\/2017\/08\/Otto-Alencar-I.jpg\"><img loading=\"lazy\" decoding=\"async\" class=\"aligncenter size-medium wp-image-67241\" src=\"http:\/\/www.sudoestehoje.com.br\/novoportal\/wp-content\/uploads\/2017\/08\/Otto-Alencar-I-500x278.jpg\" alt=\"\" width=\"500\" height=\"278\" srcset=\"https:\/\/www.sudoestehoje.com.br\/novoportal\/wp-content\/uploads\/2017\/08\/Otto-Alencar-I-500x278.jpg 500w, https:\/\/www.sudoestehoje.com.br\/novoportal\/wp-content\/uploads\/2017\/08\/Otto-Alencar-I.jpg 615w\" sizes=\"auto, (max-width: 500px) 100vw, 500px\" \/><\/a><\/p>\n<p>Um projeto de lei que poderia ter salvado a vida de muitas das v\u00edtimas da trag\u00e9dia desta quinta-feira (24), em Mar Grande, envolvendo uma lancha que ia da ilha para Salvador, foi rejeitado pelo Senado em maio deste ano. A proposta visava tornar obrigat\u00f3rio o uso de coletes salva-vidas em passageiros de embarca\u00e7\u00f5es abertas, como escunas e lanchas.<\/p>\n<p>O Projeto de Lei 71 chegou ao Senado em novembro do ano passado, mas depois de passar pela Comiss\u00e3o de Servi\u00e7os com Infraestrutura, foi rejeitado.<\/p>\n<p><a href=\"http:\/\/www.sudoestehoje.com.br\/novoportal\/wp-content\/uploads\/2017\/08\/MAR-GRANDE.jpg\"><img loading=\"lazy\" decoding=\"async\" class=\"aligncenter size-medium wp-image-67240\" src=\"http:\/\/www.sudoestehoje.com.br\/novoportal\/wp-content\/uploads\/2017\/08\/MAR-GRANDE-500x311.jpg\" alt=\"\" width=\"500\" height=\"311\" srcset=\"https:\/\/www.sudoestehoje.com.br\/novoportal\/wp-content\/uploads\/2017\/08\/MAR-GRANDE-500x311.jpg 500w, https:\/\/www.sudoestehoje.com.br\/novoportal\/wp-content\/uploads\/2017\/08\/MAR-GRANDE-768x478.jpg 768w, https:\/\/www.sudoestehoje.com.br\/novoportal\/wp-content\/uploads\/2017\/08\/MAR-GRANDE-700x436.jpg 700w, https:\/\/www.sudoestehoje.com.br\/novoportal\/wp-content\/uploads\/2017\/08\/MAR-GRANDE.jpg 940w\" sizes=\"auto, (max-width: 500px) 100vw, 500px\" \/><\/a><\/p>\n<p>Em entrevista \u00e0 reportagem BBC Brasil, o senador Otto Alencar (PSD), respons\u00e1vel pelo parecer que rejeitou a medida, disse que os senadores \u201centenderam que j\u00e1 existia legisla\u00e7\u00e3o nesse sentido\u201d e \u201cvai da vontade de cada um usar ou n\u00e3o, voc\u00ea n\u00e3o pode obrigar\u201d.<\/p>\n<p>\u201cTem lei para usar capacete, cinto de seguran\u00e7a, mas muita gente n\u00e3o usa. Aqui na Bahia muita gente anda de moto sem capacete, por exemplo.\u201d, completou Otto.\u00a0<em>\/\/Varela Not\u00edcias<\/em><\/p>\n","protected":false},"excerpt":{"rendered":"<p>Um projeto de lei que poderia ter salvado a vida de muitas das v\u00edtimas da trag\u00e9dia desta quinta-feira (24), em Mar Grande, envolvendo uma lancha que ia da ilha para Salvador, foi rejeitado pelo Senado em maio deste ano. A proposta visava tornar obrigat\u00f3rio o uso de coletes salva-vidas em passageiros de embarca\u00e7\u00f5es abertas, como [&hellip;]<\/p>\n","protected":false},"author":2,"featured_media":67241,"comment_status":"open","ping_status":"open","sticky":false,"template":"","format":"standard","meta":{"footnotes":"","_links_to":"","_links_to_target":""},"categories":[1],"tags":[],"class_list":["post-67239","post","type-post","status-publish","format-standard","has-post-thumbnail","hentry","category-geral"],"views":1699,"_links":{"self":[{"href":"https:\/\/www.sudoestehoje.com.br\/novoportal\/wp-json\/wp\/v2\/posts\/67239","targetHints":{"allow":["GET"]}}],"collection":[{"href":"https:\/\/www.sudoestehoje.com.br\/novoportal\/wp-json\/wp\/v2\/posts"}],"about":[{"href":"https:\/\/www.sudoestehoje.com.br\/novoportal\/wp-json\/wp\/v2\/types\/post"}],"author":[{"embeddable":true,"href":"https:\/\/www.sudoestehoje.com.br\/novoportal\/wp-json\/wp\/v2\/users\/2"}],"replies":[{"embeddable":true,"href":"https:\/\/www.sudoestehoje.com.br\/novoportal\/wp-json\/wp\/v2\/comments?post=67239"}],"version-history":[{"count":2,"href":"https:\/\/www.sudoestehoje.com.br\/novoportal\/wp-json\/wp\/v2\/posts\/67239\/revisions"}],"predecessor-version":[{"id":67244,"href":"https:\/\/www.sudoestehoje.com.br\/novoportal\/wp-json\/wp\/v2\/posts\/67239\/revisions\/67244"}],"wp:featuredmedia":[{"embeddable":true,"href":"https:\/\/www.sudoestehoje.com.br\/novoportal\/wp-json\/wp\/v2\/media\/67241"}],"wp:attachment":[{"href":"https:\/\/www.sudoestehoje.com.br\/novoportal\/wp-json\/wp\/v2\/media?parent=67239"}],"wp:term":[{"taxonomy":"category","embeddable":true,"href":"https:\/\/www.sudoestehoje.com.br\/novoportal\/wp-json\/wp\/v2\/categories?post=67239"},{"taxonomy":"post_tag","embeddable":true,"href":"https:\/\/www.sudoestehoje.com.br\/novoportal\/wp-json\/wp\/v2\/tags?post=67239"}],"curies":[{"name":"wp","href":"https:\/\/api.w.org\/{rel}","templated":true}]}}