
{"id":67232,"date":"2017-08-25T01:10:11","date_gmt":"2017-08-25T04:10:11","guid":{"rendered":"http:\/\/www.sudoestehoje.com.br\/novoportal\/?p=67232"},"modified":"2017-08-25T09:05:40","modified_gmt":"2017-08-25T12:05:40","slug":"macarani-prefeito-quer-ficar-pmdb-mas-diz-que-apoia-candidatura-de-rui-costa","status":"publish","type":"post","link":"https:\/\/www.sudoestehoje.com.br\/novoportal\/2017\/08\/25\/macarani-prefeito-quer-ficar-pmdb-mas-diz-que-apoia-candidatura-de-rui-costa\/","title":{"rendered":"MACARANI: PREFEITO QUER FICAR NO PMDB E APOIAR CANDIDATURA PETISTA DE RUI COSTA"},"content":{"rendered":"<p><a href=\"http:\/\/www.sudoestehoje.com.br\/novoportal\/wp-content\/uploads\/2017\/08\/MILLER-E-L\u00daCIO.jpg\"><img loading=\"lazy\" decoding=\"async\" class=\"aligncenter size-medium wp-image-67233\" src=\"http:\/\/www.sudoestehoje.com.br\/novoportal\/wp-content\/uploads\/2017\/08\/MILLER-E-L\u00daCIO-500x334.jpg\" alt=\"\" width=\"500\" height=\"334\" srcset=\"https:\/\/www.sudoestehoje.com.br\/novoportal\/wp-content\/uploads\/2017\/08\/MILLER-E-L\u00daCIO-500x334.jpg 500w, https:\/\/www.sudoestehoje.com.br\/novoportal\/wp-content\/uploads\/2017\/08\/MILLER-E-L\u00daCIO-768x514.jpg 768w, https:\/\/www.sudoestehoje.com.br\/novoportal\/wp-content\/uploads\/2017\/08\/MILLER-E-L\u00daCIO-700x468.jpg 700w, https:\/\/www.sudoestehoje.com.br\/novoportal\/wp-content\/uploads\/2017\/08\/MILLER-E-L\u00daCIO.jpg 960w\" sizes=\"auto, (max-width: 500px) 100vw, 500px\" \/><\/a><\/p>\n<p>Depois da repercuss\u00e3o da mat\u00e9ria publicada pelo Sudoeste Hoje, sobre a prov\u00e1vel filia\u00e7\u00e3o do prefeito de Macarani ao PCdoB, Miller Ferraz negou que pretende sair do PMDB, mas admitiu que n\u00e3o apoiar\u00e1 o candidato ao governador das oposi\u00e7\u00f5es, aderindo \u00e0 candidatura de Rui Costa (PT), atual governador do Estado.<\/p>\n<p><em>\u201cN\u00e3o tenho planos de mudar de partido, embora tenha forte tend\u00eancia em ficar com o governo do estado e apoia a reelei\u00e7\u00e3o do Rui Costa , que est\u00e1 fazendo uma gest\u00e3o com muita austeridade\u201d, <\/em>admitiu o alcaide macaraniense, ao blog <em>Pol\u00edticos do Sul da Bahia<\/em>, que repercutiu a nossa mat\u00e9ria.<\/p>\n<p>Em contato com o Diret\u00f3rio Estadual do PMDB, o Sudoeste Hoje foi informado que essas defec\u00e7\u00f5es e o adesismo inconsequente de pol\u00edticos da base oposicionistas ao grupo governista, n\u00e3o ser\u00e3o admitidos, em nenhuma hip\u00f3tese, pelo partido, e que no momento adequado o PMDB agir\u00e1 para punir os filiados infi\u00e9is, na forma da lei.<\/p>\n<p>\u00c9 esperar pra ver.<\/p>\n<p><strong><em>Por Davi Ferraz<\/em><\/strong><\/p>\n","protected":false},"excerpt":{"rendered":"<p>Depois da repercuss\u00e3o da mat\u00e9ria publicada pelo Sudoeste Hoje, sobre a prov\u00e1vel filia\u00e7\u00e3o do prefeito de Macarani ao PCdoB, Miller Ferraz negou que pretende sair do PMDB, mas admitiu que n\u00e3o apoiar\u00e1 o candidato ao governador das oposi\u00e7\u00f5es, aderindo \u00e0 candidatura de Rui Costa (PT), atual governador do Estado. \u201cN\u00e3o tenho planos de mudar de [&hellip;]<\/p>\n","protected":false},"author":2,"featured_media":67233,"comment_status":"open","ping_status":"open","sticky":false,"template":"","format":"standard","meta":{"footnotes":"","_links_to":"","_links_to_target":""},"categories":[1],"tags":[],"class_list":["post-67232","post","type-post","status-publish","format-standard","has-post-thumbnail","hentry","category-geral"],"views":1637,"_links":{"self":[{"href":"https:\/\/www.sudoestehoje.com.br\/novoportal\/wp-json\/wp\/v2\/posts\/67232","targetHints":{"allow":["GET"]}}],"collection":[{"href":"https:\/\/www.sudoestehoje.com.br\/novoportal\/wp-json\/wp\/v2\/posts"}],"about":[{"href":"https:\/\/www.sudoestehoje.com.br\/novoportal\/wp-json\/wp\/v2\/types\/post"}],"author":[{"embeddable":true,"href":"https:\/\/www.sudoestehoje.com.br\/novoportal\/wp-json\/wp\/v2\/users\/2"}],"replies":[{"embeddable":true,"href":"https:\/\/www.sudoestehoje.com.br\/novoportal\/wp-json\/wp\/v2\/comments?post=67232"}],"version-history":[{"count":5,"href":"https:\/\/www.sudoestehoje.com.br\/novoportal\/wp-json\/wp\/v2\/posts\/67232\/revisions"}],"predecessor-version":[{"id":67238,"href":"https:\/\/www.sudoestehoje.com.br\/novoportal\/wp-json\/wp\/v2\/posts\/67232\/revisions\/67238"}],"wp:featuredmedia":[{"embeddable":true,"href":"https:\/\/www.sudoestehoje.com.br\/novoportal\/wp-json\/wp\/v2\/media\/67233"}],"wp:attachment":[{"href":"https:\/\/www.sudoestehoje.com.br\/novoportal\/wp-json\/wp\/v2\/media?parent=67232"}],"wp:term":[{"taxonomy":"category","embeddable":true,"href":"https:\/\/www.sudoestehoje.com.br\/novoportal\/wp-json\/wp\/v2\/categories?post=67232"},{"taxonomy":"post_tag","embeddable":true,"href":"https:\/\/www.sudoestehoje.com.br\/novoportal\/wp-json\/wp\/v2\/tags?post=67232"}],"curies":[{"name":"wp","href":"https:\/\/api.w.org\/{rel}","templated":true}]}}