
{"id":67228,"date":"2017-08-25T00:07:14","date_gmt":"2017-08-25T03:07:14","guid":{"rendered":"http:\/\/www.sudoestehoje.com.br\/novoportal\/?p=67228"},"modified":"2017-08-25T00:07:14","modified_gmt":"2017-08-25T03:07:14","slug":"bahia-bebe-e-resgatado-de-acidente-com-lancha-mas-morre-na-ambulancia","status":"publish","type":"post","link":"https:\/\/www.sudoestehoje.com.br\/novoportal\/2017\/08\/25\/bahia-bebe-e-resgatado-de-acidente-com-lancha-mas-morre-na-ambulancia\/","title":{"rendered":"BAHIA: BEB\u00ca \u00c9 RESGATADO DE ACIDENTE COM LANCHA, MAS MORRE NA AMBUL\u00c2NCIA"},"content":{"rendered":"<div class=\"mc-column content-text active-extra-styles active-capital-letter\" data-block-type=\"unstyled\" data-block-weight=\"54\">\n<p class=\"content-text__container theme-color-primary-first-letter\" data-track-category=\"Link no Texto\" data-track-links=\"\"><a href=\"http:\/\/www.sudoestehoje.com.br\/novoportal\/wp-content\/uploads\/2017\/08\/bebe-naufragio2.jpg\"><img loading=\"lazy\" decoding=\"async\" class=\"aligncenter size-medium wp-image-67229\" src=\"http:\/\/www.sudoestehoje.com.br\/novoportal\/wp-content\/uploads\/2017\/08\/bebe-naufragio2-500x349.jpg\" alt=\"\" width=\"500\" height=\"349\" srcset=\"https:\/\/www.sudoestehoje.com.br\/novoportal\/wp-content\/uploads\/2017\/08\/bebe-naufragio2-500x349.jpg 500w, https:\/\/www.sudoestehoje.com.br\/novoportal\/wp-content\/uploads\/2017\/08\/bebe-naufragio2-768x536.jpg 768w, https:\/\/www.sudoestehoje.com.br\/novoportal\/wp-content\/uploads\/2017\/08\/bebe-naufragio2-700x488.jpg 700w, https:\/\/www.sudoestehoje.com.br\/novoportal\/wp-content\/uploads\/2017\/08\/bebe-naufragio2.jpg 1262w\" sizes=\"auto, (max-width: 500px) 100vw, 500px\" \/><\/a><\/p>\n<p class=\"content-text__container theme-color-primary-first-letter\" data-track-category=\"Link no Texto\" data-track-links=\"\">Um beb\u00ea que foi resgatado com vida ap\u00f3s o\u00a0acidente com lancha que matou ao menos 18 pessoas em Vera Cruz, Regi\u00e3o Metropolitana de Salvador, na manh\u00e3 desta quinta-feira (24), morreu dentro da ambul\u00e2ncia do Samu. A lancha virou na travessia entre Mar Grande e Salvador, na Ba\u00eda de Todos-os-Santos, no in\u00edcio da manh\u00e3.<\/p>\n<\/div>\n<div class=\"mc-column content-text active-extra-styles \" data-block-type=\"unstyled\" data-block-weight=\"44\">\n<p class=\"content-text__container \" data-track-category=\"Link no Texto\" data-track-links=\"\">De acordo com a Secretaria Municipal de Sa\u00fade, o beb\u00ea foi reanimado por duas horas, mas n\u00e3o resistiu. A Marinha n\u00e3o informou se a morte da crian\u00e7a est\u00e1 registrada no balan\u00e7o de mortos na trag\u00e9dia. Tamb\u00e9m n\u00e3o h\u00e1 informa\u00e7\u00f5es sobre a fam\u00edlia do beb\u00ea.<\/p>\n<\/div>\n","protected":false},"excerpt":{"rendered":"<p>Um beb\u00ea que foi resgatado com vida ap\u00f3s o\u00a0acidente com lancha que matou ao menos 18 pessoas em Vera Cruz, Regi\u00e3o Metropolitana de Salvador, na manh\u00e3 desta quinta-feira (24), morreu dentro da ambul\u00e2ncia do Samu. A lancha virou na travessia entre Mar Grande e Salvador, na Ba\u00eda de Todos-os-Santos, no in\u00edcio da manh\u00e3. De acordo [&hellip;]<\/p>\n","protected":false},"author":2,"featured_media":67229,"comment_status":"open","ping_status":"open","sticky":false,"template":"","format":"standard","meta":{"footnotes":"","_links_to":"","_links_to_target":""},"categories":[1],"tags":[],"class_list":["post-67228","post","type-post","status-publish","format-standard","has-post-thumbnail","hentry","category-geral"],"views":1168,"_links":{"self":[{"href":"https:\/\/www.sudoestehoje.com.br\/novoportal\/wp-json\/wp\/v2\/posts\/67228","targetHints":{"allow":["GET"]}}],"collection":[{"href":"https:\/\/www.sudoestehoje.com.br\/novoportal\/wp-json\/wp\/v2\/posts"}],"about":[{"href":"https:\/\/www.sudoestehoje.com.br\/novoportal\/wp-json\/wp\/v2\/types\/post"}],"author":[{"embeddable":true,"href":"https:\/\/www.sudoestehoje.com.br\/novoportal\/wp-json\/wp\/v2\/users\/2"}],"replies":[{"embeddable":true,"href":"https:\/\/www.sudoestehoje.com.br\/novoportal\/wp-json\/wp\/v2\/comments?post=67228"}],"version-history":[{"count":1,"href":"https:\/\/www.sudoestehoje.com.br\/novoportal\/wp-json\/wp\/v2\/posts\/67228\/revisions"}],"predecessor-version":[{"id":67230,"href":"https:\/\/www.sudoestehoje.com.br\/novoportal\/wp-json\/wp\/v2\/posts\/67228\/revisions\/67230"}],"wp:featuredmedia":[{"embeddable":true,"href":"https:\/\/www.sudoestehoje.com.br\/novoportal\/wp-json\/wp\/v2\/media\/67229"}],"wp:attachment":[{"href":"https:\/\/www.sudoestehoje.com.br\/novoportal\/wp-json\/wp\/v2\/media?parent=67228"}],"wp:term":[{"taxonomy":"category","embeddable":true,"href":"https:\/\/www.sudoestehoje.com.br\/novoportal\/wp-json\/wp\/v2\/categories?post=67228"},{"taxonomy":"post_tag","embeddable":true,"href":"https:\/\/www.sudoestehoje.com.br\/novoportal\/wp-json\/wp\/v2\/tags?post=67228"}],"curies":[{"name":"wp","href":"https:\/\/api.w.org\/{rel}","templated":true}]}}