
{"id":67215,"date":"2017-08-24T19:53:57","date_gmt":"2017-08-24T22:53:57","guid":{"rendered":"http:\/\/www.sudoestehoje.com.br\/novoportal\/?p=67215"},"modified":"2017-08-24T19:59:28","modified_gmt":"2017-08-24T22:59:28","slug":"itapetinga-quem-assumira-a-secretaria-de-esportes-com-saida-de-dai","status":"publish","type":"post","link":"https:\/\/www.sudoestehoje.com.br\/novoportal\/2017\/08\/24\/itapetinga-quem-assumira-a-secretaria-de-esportes-com-saida-de-dai\/","title":{"rendered":"ITAPETINGA: QUEM ASSUMIR\u00c1 A SECRETARIA DE ESPORTES COM SA\u00cdDA DE DAI?"},"content":{"rendered":"<p><a href=\"http:\/\/www.sudoestehoje.com.br\/novoportal\/wp-content\/uploads\/2017\/08\/darwin-renan.jpg\"><img loading=\"lazy\" decoding=\"async\" class=\"aligncenter wp-image-67216\" src=\"http:\/\/www.sudoestehoje.com.br\/novoportal\/wp-content\/uploads\/2017\/08\/darwin-renan-500x318.jpg\" alt=\"\" width=\"503\" height=\"320\" srcset=\"https:\/\/www.sudoestehoje.com.br\/novoportal\/wp-content\/uploads\/2017\/08\/darwin-renan-500x318.jpg 500w, https:\/\/www.sudoestehoje.com.br\/novoportal\/wp-content\/uploads\/2017\/08\/darwin-renan-700x445.jpg 700w, https:\/\/www.sudoestehoje.com.br\/novoportal\/wp-content\/uploads\/2017\/08\/darwin-renan.jpg 708w\" sizes=\"auto, (max-width: 503px) 100vw, 503px\" \/><\/a><\/p>\n<p>Com a possibilidade do atual secret\u00e1rio de Esportes, Cultura e Lazer assumir a Secretaria de Governo do munic\u00edpio, foi aberta a temporada de especula\u00e7\u00f5es sobre quem iria para o esporte, em seu lugar.<\/p>\n<p>Para alguns, o nome mais forte para assumir a pasta do esporte seria o da atual secret\u00e1ria do Desenvolvimento Social, Eliene Portela, que tem afinidade e relevantes servi\u00e7os prestados ao esporte local, mas ela vem realizando um excelente trabalho na A\u00e7\u00e3o Social e a sua sa\u00edda seria arriscada. Portela nega qualquer possibilidade de deixar a A\u00e7\u00e3o Social, por vontade pr\u00f3pria, neste momento em que os programas da secretaria est\u00e3o a pleno vapor. Seria temeroso.<\/p>\n<p>No campo das especula\u00e7\u00f5es, nomes como os de Edvaldo Rodrigues (Diva), Gilmar Vaz e at\u00e9 o do vice-prefeito Renan Pereira s\u00e3o ventilados pela imprensa, mas a tend\u00eancia, caso Dai deixe a pasta, ser\u00e1 o fortalecimento das atuais diretorias de Esporte, Cultura e Lazer, com atua\u00e7\u00e3o independente de cada uma delas, como j\u00e1 ocorreu em administra\u00e7\u00f5es passadas.<\/p>\n<p>Consultado pelo Sudoeste Hoje, o prefeito Rodrigo Hagge informou que nada muda por enquanto, e que a sua maior preocupa\u00e7\u00e3o no momento \u00e9 cortar despesas com pessoal, para n\u00e3o extrapolar os \u00edndices estabelecidos pela Lei de Responsabilidade Fiscal.<\/p>\n<p>Para um bom entendedor&#8230;<\/p>\n<p><strong><em>Por Davi Ferraz\u00a0<\/em><\/strong><\/p>\n","protected":false},"excerpt":{"rendered":"<p>Com a possibilidade do atual secret\u00e1rio de Esportes, Cultura e Lazer assumir a Secretaria de Governo do munic\u00edpio, foi aberta a temporada de especula\u00e7\u00f5es sobre quem iria para o esporte, em seu lugar. Para alguns, o nome mais forte para assumir a pasta do esporte seria o da atual secret\u00e1ria do Desenvolvimento Social, Eliene Portela, [&hellip;]<\/p>\n","protected":false},"author":2,"featured_media":67216,"comment_status":"open","ping_status":"open","sticky":false,"template":"","format":"standard","meta":{"footnotes":"","_links_to":"","_links_to_target":""},"categories":[1],"tags":[],"class_list":["post-67215","post","type-post","status-publish","format-standard","has-post-thumbnail","hentry","category-geral"],"views":2096,"_links":{"self":[{"href":"https:\/\/www.sudoestehoje.com.br\/novoportal\/wp-json\/wp\/v2\/posts\/67215","targetHints":{"allow":["GET"]}}],"collection":[{"href":"https:\/\/www.sudoestehoje.com.br\/novoportal\/wp-json\/wp\/v2\/posts"}],"about":[{"href":"https:\/\/www.sudoestehoje.com.br\/novoportal\/wp-json\/wp\/v2\/types\/post"}],"author":[{"embeddable":true,"href":"https:\/\/www.sudoestehoje.com.br\/novoportal\/wp-json\/wp\/v2\/users\/2"}],"replies":[{"embeddable":true,"href":"https:\/\/www.sudoestehoje.com.br\/novoportal\/wp-json\/wp\/v2\/comments?post=67215"}],"version-history":[{"count":4,"href":"https:\/\/www.sudoestehoje.com.br\/novoportal\/wp-json\/wp\/v2\/posts\/67215\/revisions"}],"predecessor-version":[{"id":67220,"href":"https:\/\/www.sudoestehoje.com.br\/novoportal\/wp-json\/wp\/v2\/posts\/67215\/revisions\/67220"}],"wp:featuredmedia":[{"embeddable":true,"href":"https:\/\/www.sudoestehoje.com.br\/novoportal\/wp-json\/wp\/v2\/media\/67216"}],"wp:attachment":[{"href":"https:\/\/www.sudoestehoje.com.br\/novoportal\/wp-json\/wp\/v2\/media?parent=67215"}],"wp:term":[{"taxonomy":"category","embeddable":true,"href":"https:\/\/www.sudoestehoje.com.br\/novoportal\/wp-json\/wp\/v2\/categories?post=67215"},{"taxonomy":"post_tag","embeddable":true,"href":"https:\/\/www.sudoestehoje.com.br\/novoportal\/wp-json\/wp\/v2\/tags?post=67215"}],"curies":[{"name":"wp","href":"https:\/\/api.w.org\/{rel}","templated":true}]}}