
{"id":6721,"date":"2011-07-14T13:27:55","date_gmt":"2011-07-14T16:27:55","guid":{"rendered":"http:\/\/www.sudoestehoje.com.br\/novoportal\/?p=6721"},"modified":"2011-07-14T13:27:55","modified_gmt":"2011-07-14T16:27:55","slug":"joao-monte-e-os-contratos-da-prefeitura","status":"publish","type":"post","link":"https:\/\/www.sudoestehoje.com.br\/novoportal\/2011\/07\/14\/joao-monte-e-os-contratos-da-prefeitura\/","title":{"rendered":"JO\u00c3O MONTE E OS CONTRATOS DA PREFEITURA"},"content":{"rendered":"<p style=\"text-align: center;\"><a id=\"apf7\" href=\"http:\/\/www.google.com.br\/imgres?imgurl=http:\/\/anacristina.adv.br\/site\/wp-content\/uploads\/2011\/04\/contrato1.jpg&amp;imgrefurl=http:\/\/anacristina.adv.br\/site\/%3Fp%3D18&amp;usg=__D_3ejyP8bgHc_Lehubc9zd3lOGU=&amp;h=300&amp;w=300&amp;sz=67&amp;hl=pt-BR&amp;start=8&amp;zoom=1&amp;um=1&amp;itbs=1&amp;tbnid=FBoNsoI-cK_qOM:&amp;tbnh=116&amp;tbnw=116&amp;prev=\/search%3Fq%3Dcontrato%26um%3D1%26hl%3Dpt-BR%26sa%3DN%26rlz%3D1T4SKPB_pt-BRBR354BR359%26tbm%3Disch&amp;ei=oRgfTs2qNZOugQf7mrmwAw\"><img loading=\"lazy\" decoding=\"async\" id=\"ipfFBoNsoI-cK_qOM:\" class=\"aligncenter\" src=\"http:\/\/t1.gstatic.com\/images?q=tbn:ANd9GcRkMCYs0ZDmx1rhoExHUf7Hxs-H8yu6t8EEBs8qgzEI1qAEvMWp8Sdjgw\" alt=\"\" width=\"162\" height=\"153\" \/><\/a><\/p>\n<p>Acuado diante das den\u00fancias sobre contrata\u00e7\u00e3o ilegal de consultoria, o prefeito Z\u00e9 Carlos come\u00e7ou a recorrer aos seus antigos defensores, para tentar tir\u00e1-lo do atoleiro em que se meteu. Tentando explicar o inexplic\u00e1vel, \u00a0ressuscitaram at\u00e9 o finado Jo\u00e3o Monte, que j\u00e1 havia tomado Doril, desde a mal explicada venda do brejo para a constru\u00e7\u00e3o do Piab\u00e3o. Jo\u00e3o foi ao programa chapa branca de Amaral e disse um &#8216;monte&#8217; de bobagens, que s\u00f3 pioraram a situa\u00e7\u00e3o do morimbundo prefeito, que vive no mundo da lua e n\u00e3o acompanha o que se passa na sua desastrada administra\u00e7\u00e3o. Jo\u00e3o\u00a0Monte\u00a0poderia ter aproveitado a entrevista, para esclarecer o contrato do lixo, uma aberra\u00e7\u00e3o que lhe empurraram goela abaixo, quando ele era o secret\u00e1rio de transportes. Se quiser esclarecer aqui, o Sudoeste Hoje est\u00e1 \u00e0 disposi\u00e7\u00e3o.<\/p>\n","protected":false},"excerpt":{"rendered":"<p>Acuado diante das den\u00fancias sobre contrata\u00e7\u00e3o ilegal de consultoria, o prefeito Z\u00e9 Carlos come\u00e7ou a recorrer aos seus antigos defensores, para tentar tir\u00e1-lo do atoleiro em que se meteu. Tentando explicar o inexplic\u00e1vel, \u00a0ressuscitaram at\u00e9 o finado Jo\u00e3o Monte, que j\u00e1 havia tomado Doril, desde a mal explicada venda do brejo para a constru\u00e7\u00e3o do [&hellip;]<\/p>\n","protected":false},"author":2,"featured_media":0,"comment_status":"open","ping_status":"open","sticky":false,"template":"","format":"standard","meta":{"footnotes":"","_links_to":"","_links_to_target":""},"categories":[11],"tags":[],"class_list":["post-6721","post","type-post","status-publish","format-standard","hentry","category-quentinhas"],"views":1079,"_links":{"self":[{"href":"https:\/\/www.sudoestehoje.com.br\/novoportal\/wp-json\/wp\/v2\/posts\/6721","targetHints":{"allow":["GET"]}}],"collection":[{"href":"https:\/\/www.sudoestehoje.com.br\/novoportal\/wp-json\/wp\/v2\/posts"}],"about":[{"href":"https:\/\/www.sudoestehoje.com.br\/novoportal\/wp-json\/wp\/v2\/types\/post"}],"author":[{"embeddable":true,"href":"https:\/\/www.sudoestehoje.com.br\/novoportal\/wp-json\/wp\/v2\/users\/2"}],"replies":[{"embeddable":true,"href":"https:\/\/www.sudoestehoje.com.br\/novoportal\/wp-json\/wp\/v2\/comments?post=6721"}],"version-history":[{"count":1,"href":"https:\/\/www.sudoestehoje.com.br\/novoportal\/wp-json\/wp\/v2\/posts\/6721\/revisions"}],"predecessor-version":[{"id":6722,"href":"https:\/\/www.sudoestehoje.com.br\/novoportal\/wp-json\/wp\/v2\/posts\/6721\/revisions\/6722"}],"wp:attachment":[{"href":"https:\/\/www.sudoestehoje.com.br\/novoportal\/wp-json\/wp\/v2\/media?parent=6721"}],"wp:term":[{"taxonomy":"category","embeddable":true,"href":"https:\/\/www.sudoestehoje.com.br\/novoportal\/wp-json\/wp\/v2\/categories?post=6721"},{"taxonomy":"post_tag","embeddable":true,"href":"https:\/\/www.sudoestehoje.com.br\/novoportal\/wp-json\/wp\/v2\/tags?post=6721"}],"curies":[{"name":"wp","href":"https:\/\/api.w.org\/{rel}","templated":true}]}}