
{"id":67200,"date":"2017-08-23T22:52:03","date_gmt":"2017-08-24T01:52:03","guid":{"rendered":"http:\/\/www.sudoestehoje.com.br\/novoportal\/?p=67200"},"modified":"2017-08-23T22:52:03","modified_gmt":"2017-08-24T01:52:03","slug":"regiao-carro-da-prefeitura-de-itarantim-pega-fogo-na-ba-263","status":"publish","type":"post","link":"https:\/\/www.sudoestehoje.com.br\/novoportal\/2017\/08\/23\/regiao-carro-da-prefeitura-de-itarantim-pega-fogo-na-ba-263\/","title":{"rendered":"REGI\u00c3O: CARRO DA PREFEITURA DE ITARANTIM PEGA FOGO NA BA-263"},"content":{"rendered":"<p><a href=\"http:\/\/www.sudoestehoje.com.br\/novoportal\/wp-content\/uploads\/2017\/08\/carro-itarantim.jpg\"><img loading=\"lazy\" decoding=\"async\" class=\"aligncenter size-medium wp-image-67201\" src=\"http:\/\/www.sudoestehoje.com.br\/novoportal\/wp-content\/uploads\/2017\/08\/carro-itarantim-500x281.jpg\" alt=\"\" width=\"500\" height=\"281\" srcset=\"https:\/\/www.sudoestehoje.com.br\/novoportal\/wp-content\/uploads\/2017\/08\/carro-itarantim-500x281.jpg 500w, https:\/\/www.sudoestehoje.com.br\/novoportal\/wp-content\/uploads\/2017\/08\/carro-itarantim-768x432.jpg 768w, https:\/\/www.sudoestehoje.com.br\/novoportal\/wp-content\/uploads\/2017\/08\/carro-itarantim-700x394.jpg 700w, https:\/\/www.sudoestehoje.com.br\/novoportal\/wp-content\/uploads\/2017\/08\/carro-itarantim.jpg 960w\" sizes=\"auto, (max-width: 500px) 100vw, 500px\" \/><\/a><\/p>\n<p>Um ve\u00edculo oficial da prefeitura de Itarantim, que se dirigia para Itapetinga, pegou fogo na BA-263, no trecho entre Itoror\u00f3 e Itapetinga, na tarde desta quarta-feira (23)<\/p>\n<p>Segundo informa\u00e7\u00f5es, o ve\u00edculo Fiat Mobi era dirigido pelo motorista conhecido por Cazuza, tendo como ocupantes o secret\u00e1rio de sa\u00fade Euvaldo Junior e a advogada Dra. Amanda, procuradora do munic\u00edpio.<\/p>\n<p><a href=\"http:\/\/www.sudoestehoje.com.br\/novoportal\/wp-content\/uploads\/2017\/08\/carro-itarantim-1.jpg\"><img loading=\"lazy\" decoding=\"async\" class=\"aligncenter size-medium wp-image-67202\" src=\"http:\/\/www.sudoestehoje.com.br\/novoportal\/wp-content\/uploads\/2017\/08\/carro-itarantim-1-500x375.jpg\" alt=\"\" width=\"500\" height=\"375\" srcset=\"https:\/\/www.sudoestehoje.com.br\/novoportal\/wp-content\/uploads\/2017\/08\/carro-itarantim-1-500x375.jpg 500w, https:\/\/www.sudoestehoje.com.br\/novoportal\/wp-content\/uploads\/2017\/08\/carro-itarantim-1-768x576.jpg 768w, https:\/\/www.sudoestehoje.com.br\/novoportal\/wp-content\/uploads\/2017\/08\/carro-itarantim-1-700x525.jpg 700w, https:\/\/www.sudoestehoje.com.br\/novoportal\/wp-content\/uploads\/2017\/08\/carro-itarantim-1.jpg 960w\" sizes=\"auto, (max-width: 500px) 100vw, 500px\" \/><\/a><\/p>\n<p>Mesmo com o ve\u00edculo em chamas, todos sa\u00edram ilesos. O carro ficou completamente queimado.<\/p>\n<p><strong><em>Por Davi Ferraz<\/em><\/strong><\/p>\n","protected":false},"excerpt":{"rendered":"<p>Um ve\u00edculo oficial da prefeitura de Itarantim, que se dirigia para Itapetinga, pegou fogo na BA-263, no trecho entre Itoror\u00f3 e Itapetinga, na tarde desta quarta-feira (23) Segundo informa\u00e7\u00f5es, o ve\u00edculo Fiat Mobi era dirigido pelo motorista conhecido por Cazuza, tendo como ocupantes o secret\u00e1rio de sa\u00fade Euvaldo Junior e a advogada Dra. Amanda, procuradora [&hellip;]<\/p>\n","protected":false},"author":2,"featured_media":67201,"comment_status":"open","ping_status":"open","sticky":false,"template":"","format":"standard","meta":{"footnotes":"","_links_to":"","_links_to_target":""},"categories":[1],"tags":[],"class_list":["post-67200","post","type-post","status-publish","format-standard","has-post-thumbnail","hentry","category-geral"],"views":2241,"_links":{"self":[{"href":"https:\/\/www.sudoestehoje.com.br\/novoportal\/wp-json\/wp\/v2\/posts\/67200","targetHints":{"allow":["GET"]}}],"collection":[{"href":"https:\/\/www.sudoestehoje.com.br\/novoportal\/wp-json\/wp\/v2\/posts"}],"about":[{"href":"https:\/\/www.sudoestehoje.com.br\/novoportal\/wp-json\/wp\/v2\/types\/post"}],"author":[{"embeddable":true,"href":"https:\/\/www.sudoestehoje.com.br\/novoportal\/wp-json\/wp\/v2\/users\/2"}],"replies":[{"embeddable":true,"href":"https:\/\/www.sudoestehoje.com.br\/novoportal\/wp-json\/wp\/v2\/comments?post=67200"}],"version-history":[{"count":1,"href":"https:\/\/www.sudoestehoje.com.br\/novoportal\/wp-json\/wp\/v2\/posts\/67200\/revisions"}],"predecessor-version":[{"id":67203,"href":"https:\/\/www.sudoestehoje.com.br\/novoportal\/wp-json\/wp\/v2\/posts\/67200\/revisions\/67203"}],"wp:featuredmedia":[{"embeddable":true,"href":"https:\/\/www.sudoestehoje.com.br\/novoportal\/wp-json\/wp\/v2\/media\/67201"}],"wp:attachment":[{"href":"https:\/\/www.sudoestehoje.com.br\/novoportal\/wp-json\/wp\/v2\/media?parent=67200"}],"wp:term":[{"taxonomy":"category","embeddable":true,"href":"https:\/\/www.sudoestehoje.com.br\/novoportal\/wp-json\/wp\/v2\/categories?post=67200"},{"taxonomy":"post_tag","embeddable":true,"href":"https:\/\/www.sudoestehoje.com.br\/novoportal\/wp-json\/wp\/v2\/tags?post=67200"}],"curies":[{"name":"wp","href":"https:\/\/api.w.org\/{rel}","templated":true}]}}