
{"id":67187,"date":"2017-08-23T22:16:37","date_gmt":"2017-08-24T01:16:37","guid":{"rendered":"http:\/\/www.sudoestehoje.com.br\/novoportal\/?p=67187"},"modified":"2017-08-23T22:16:37","modified_gmt":"2017-08-24T01:16:37","slug":"itapetinga-prefeitura-anuncia-implantacao-de-policlinica-municipal","status":"publish","type":"post","link":"https:\/\/www.sudoestehoje.com.br\/novoportal\/2017\/08\/23\/itapetinga-prefeitura-anuncia-implantacao-de-policlinica-municipal\/","title":{"rendered":"ITAPETINGA: PREFEITURA ANUNCIA IMPLANTA\u00c7\u00c3O DE POLICL\u00cdNICA MUNICIPAL"},"content":{"rendered":"<p><a href=\"http:\/\/www.sudoestehoje.com.br\/novoportal\/wp-content\/uploads\/2017\/08\/pp-1.jpg\"><img loading=\"lazy\" decoding=\"async\" class=\"aligncenter size-medium wp-image-67194\" src=\"http:\/\/www.sudoestehoje.com.br\/novoportal\/wp-content\/uploads\/2017\/08\/pp-1-500x309.jpg\" alt=\"\" width=\"500\" height=\"309\" srcset=\"https:\/\/www.sudoestehoje.com.br\/novoportal\/wp-content\/uploads\/2017\/08\/pp-1-500x309.jpg 500w, https:\/\/www.sudoestehoje.com.br\/novoportal\/wp-content\/uploads\/2017\/08\/pp-1-768x475.jpg 768w, https:\/\/www.sudoestehoje.com.br\/novoportal\/wp-content\/uploads\/2017\/08\/pp-1-700x433.jpg 700w, https:\/\/www.sudoestehoje.com.br\/novoportal\/wp-content\/uploads\/2017\/08\/pp-1.jpg 960w\" sizes=\"auto, (max-width: 500px) 100vw, 500px\" \/><\/a><\/p>\n<p>Na noite desta quarta-feira, 23, a prefeitura de Itapetinga, atrav\u00e9s da Secretaria de Sa\u00fade, convocou grande coletiva de imprensa para anunciar a implanta\u00e7\u00e3o da Policl\u00ednica Municipal. Com o objetivo de ofertar servi\u00e7os especializados em sa\u00fade de acesso f\u00e1cil para a popula\u00e7\u00e3o, aproximando os usu\u00e1rios da assist\u00eancia m\u00e9dica, duas unidades \u2013 no Centro e na Nova Itapetinga \u2013 ser\u00e3o instaladas oferecendo atendimentos em cardiologia, oftalmologia, ginecologia, ortopedia, pediatria, psicologia, fisioterapia, endocrinologia, mastologia e geriatria. Al\u00e9m disso, a Policl\u00ednica disponibilizar\u00e1 servi\u00e7os terap\u00eauticos e de apoio ao diagn\u00f3stico como ultrassonografia, an\u00e1lises cl\u00ednicas, eletrocardiograma e acupuntura.<\/p>\n<p><a href=\"http:\/\/www.sudoestehoje.com.br\/novoportal\/wp-content\/uploads\/2017\/08\/pp-2.jpg\"><img loading=\"lazy\" decoding=\"async\" class=\"aligncenter size-medium wp-image-67196\" src=\"http:\/\/www.sudoestehoje.com.br\/novoportal\/wp-content\/uploads\/2017\/08\/pp-2-500x294.jpg\" alt=\"\" width=\"500\" height=\"294\" srcset=\"https:\/\/www.sudoestehoje.com.br\/novoportal\/wp-content\/uploads\/2017\/08\/pp-2-500x294.jpg 500w, https:\/\/www.sudoestehoje.com.br\/novoportal\/wp-content\/uploads\/2017\/08\/pp-2-768x452.jpg 768w, https:\/\/www.sudoestehoje.com.br\/novoportal\/wp-content\/uploads\/2017\/08\/pp-2-700x412.jpg 700w, https:\/\/www.sudoestehoje.com.br\/novoportal\/wp-content\/uploads\/2017\/08\/pp-2.jpg 960w\" sizes=\"auto, (max-width: 500px) 100vw, 500px\" \/><\/a><\/p>\n<p>Durante o evento, L\u00edvia Pires, coordenadora da Policl\u00ednica que ser\u00e1 instalada no Centro,\u00a0 exaltou o incans\u00e1vel esfor\u00e7o do prefeito Rodrigo Hagge e do secret\u00e1rio de Sa\u00fade Helder Serafim para trazer o melhor para o povo.<\/p>\n<p><a href=\"http:\/\/www.sudoestehoje.com.br\/novoportal\/wp-content\/uploads\/2017\/08\/pp-3.jpg\"><img loading=\"lazy\" decoding=\"async\" class=\"aligncenter size-medium wp-image-67197\" src=\"http:\/\/www.sudoestehoje.com.br\/novoportal\/wp-content\/uploads\/2017\/08\/pp-3-500x331.jpg\" alt=\"\" width=\"500\" height=\"331\" srcset=\"https:\/\/www.sudoestehoje.com.br\/novoportal\/wp-content\/uploads\/2017\/08\/pp-3-500x331.jpg 500w, https:\/\/www.sudoestehoje.com.br\/novoportal\/wp-content\/uploads\/2017\/08\/pp-3-768x508.jpg 768w, https:\/\/www.sudoestehoje.com.br\/novoportal\/wp-content\/uploads\/2017\/08\/pp-3-700x463.jpg 700w, https:\/\/www.sudoestehoje.com.br\/novoportal\/wp-content\/uploads\/2017\/08\/pp-3.jpg 960w\" sizes=\"auto, (max-width: 500px) 100vw, 500px\" \/><\/a><\/p>\n<p>S\u00edlvia Sandra assessora t\u00e9cnica da Secretaria de Sa\u00fade falou da realiza\u00e7\u00e3o de um sonho, da salutar ideia do secret\u00e1rio e do empenho para que este primeiro passo de um projeto ainda maior seja dado. S\u00edlvia garantiu que muito ainda est\u00e1 por vir em rela\u00e7\u00e3o \u00e0 sa\u00fade p\u00fablica em Itapetinga. \u201cA popula\u00e7\u00e3o precisa ser atendida e respeitada. Eu acredito nesta gest\u00e3o porque trabalha com respeito \u00e0 popula\u00e7\u00e3o\u201d, finalizou a assessora.<\/p>\n<p><a href=\"http:\/\/www.sudoestehoje.com.br\/novoportal\/wp-content\/uploads\/2017\/08\/P-4.jpg\"><img loading=\"lazy\" decoding=\"async\" class=\"aligncenter size-medium wp-image-67191\" src=\"http:\/\/www.sudoestehoje.com.br\/novoportal\/wp-content\/uploads\/2017\/08\/P-4-500x300.jpg\" alt=\"\" width=\"500\" height=\"300\" srcset=\"https:\/\/www.sudoestehoje.com.br\/novoportal\/wp-content\/uploads\/2017\/08\/P-4-500x300.jpg 500w, https:\/\/www.sudoestehoje.com.br\/novoportal\/wp-content\/uploads\/2017\/08\/P-4-768x461.jpg 768w, https:\/\/www.sudoestehoje.com.br\/novoportal\/wp-content\/uploads\/2017\/08\/P-4-700x420.jpg 700w, https:\/\/www.sudoestehoje.com.br\/novoportal\/wp-content\/uploads\/2017\/08\/P-4.jpg 960w\" sizes=\"auto, (max-width: 500px) 100vw, 500px\" \/><\/a><\/p>\n<p>O Secret\u00e1rio de Sa\u00fade, Helder Serafim Machado, destacou o orgulho e a gratid\u00e3o por estar vivendo este momento especial. Por poder, junto a sua equipe, brindar o resultado positivo do esfor\u00e7o, principalmente, depois do sucesso do mutir\u00e3o, projeto que, apesar de ter sido abandonado pelo Governo do Estado, foi garantido com louvor pela prefeitura.<\/p>\n<p><a href=\"http:\/\/www.sudoestehoje.com.br\/novoportal\/wp-content\/uploads\/2017\/08\/P-5.jpg\"><img loading=\"lazy\" decoding=\"async\" class=\"aligncenter size-medium wp-image-67192\" src=\"http:\/\/www.sudoestehoje.com.br\/novoportal\/wp-content\/uploads\/2017\/08\/P-5-500x300.jpg\" alt=\"\" width=\"500\" height=\"300\" srcset=\"https:\/\/www.sudoestehoje.com.br\/novoportal\/wp-content\/uploads\/2017\/08\/P-5-500x300.jpg 500w, https:\/\/www.sudoestehoje.com.br\/novoportal\/wp-content\/uploads\/2017\/08\/P-5-768x461.jpg 768w, https:\/\/www.sudoestehoje.com.br\/novoportal\/wp-content\/uploads\/2017\/08\/P-5-700x420.jpg 700w, https:\/\/www.sudoestehoje.com.br\/novoportal\/wp-content\/uploads\/2017\/08\/P-5.jpg 960w\" sizes=\"auto, (max-width: 500px) 100vw, 500px\" \/><\/a><\/p>\n<p>O secret\u00e1rio explicou o funcionamento da policl\u00ednica, primeira a\u00e7\u00e3o de uma rede de aten\u00e7\u00e3o de m\u00e9dia complexidade que ser\u00e1 implantada no munic\u00edpio e falou sobre as novas a\u00e7\u00f5es que qualificar\u00e3o a sa\u00fade de Itapetinga. Entre outros projetos j\u00e1 iniciados, Helder listou a instala\u00e7\u00e3o da Central de Imuniza\u00e7\u00e3o; a retomada de obras paralisadas na gest\u00e3o anterior, entre elas as Unidades de Sa\u00fade dos bairros Vila \u00c9rica e Cidade Jardim; a readequa\u00e7\u00e3o do Centro de Fisioterapia da Loja Ma\u00e7\u00f4nica; e a implanta\u00e7\u00e3o do atendimento odontol\u00f3gico do Rotary e do Centro de Refer\u00eancia em Hiperdia \u2013 Hiperten\u00e7\u00e3o e Diabetes.<\/p>\n<p><a href=\"http:\/\/www.sudoestehoje.com.br\/novoportal\/wp-content\/uploads\/2017\/08\/P-6.jpg\"><img loading=\"lazy\" decoding=\"async\" class=\"aligncenter size-medium wp-image-67193\" src=\"http:\/\/www.sudoestehoje.com.br\/novoportal\/wp-content\/uploads\/2017\/08\/P-6-500x300.jpg\" alt=\"\" width=\"500\" height=\"300\" srcset=\"https:\/\/www.sudoestehoje.com.br\/novoportal\/wp-content\/uploads\/2017\/08\/P-6-500x300.jpg 500w, https:\/\/www.sudoestehoje.com.br\/novoportal\/wp-content\/uploads\/2017\/08\/P-6-768x461.jpg 768w, https:\/\/www.sudoestehoje.com.br\/novoportal\/wp-content\/uploads\/2017\/08\/P-6-700x420.jpg 700w, https:\/\/www.sudoestehoje.com.br\/novoportal\/wp-content\/uploads\/2017\/08\/P-6.jpg 960w\" sizes=\"auto, (max-width: 500px) 100vw, 500px\" \/><\/a><\/p>\n<p>Ao finalizar o evento, o prefeito Rodrigo Hagge deu boas vindas ao secret\u00e1rio e afirmou que juntos t\u00eam enfrentado uma verdadeira cruzada para fazer a sa\u00fade de Itapetinga funcionar bem. O prefeito explicou que a cada dia vem apurando d\u00e9bitos maiores que, atualmente chegam a quase 80 milh\u00f5es de reais e que, por isso, qualquer a\u00e7\u00e3o despende muito esfor\u00e7o.<\/p>\n<p><a href=\"http:\/\/www.sudoestehoje.com.br\/novoportal\/wp-content\/uploads\/2017\/08\/pp-4.jpg\"><img loading=\"lazy\" decoding=\"async\" class=\"aligncenter size-medium wp-image-67198\" src=\"http:\/\/www.sudoestehoje.com.br\/novoportal\/wp-content\/uploads\/2017\/08\/pp-4-500x331.jpg\" alt=\"\" width=\"500\" height=\"331\" srcset=\"https:\/\/www.sudoestehoje.com.br\/novoportal\/wp-content\/uploads\/2017\/08\/pp-4-500x331.jpg 500w, https:\/\/www.sudoestehoje.com.br\/novoportal\/wp-content\/uploads\/2017\/08\/pp-4-768x508.jpg 768w, https:\/\/www.sudoestehoje.com.br\/novoportal\/wp-content\/uploads\/2017\/08\/pp-4-700x463.jpg 700w, https:\/\/www.sudoestehoje.com.br\/novoportal\/wp-content\/uploads\/2017\/08\/pp-4.jpg 960w\" sizes=\"auto, (max-width: 500px) 100vw, 500px\" \/><\/a><\/p>\n<p><em>\u201cMas isso n\u00e3o nos tem impedido de levar o melhor servi\u00e7o para a popula\u00e7\u00e3o. Se o governo do Estado tem sido omisso com a nossa cidade e com aqueles que s\u00e3o oposi\u00e7\u00e3o, n\u00f3s n\u00e3o seremos omissos com o nosso povo. Por isso garantimos com sucesso o mutir\u00e3o que a Sesab cancelou. Por isso estamos levando sa\u00fade especializada para perto da popula\u00e7\u00e3o atrav\u00e9s da policl\u00ednica. Vamos continuar trabalhando em busca de uma sa\u00fade de refer\u00eancia. N\u00e3o vai ser f\u00e1cil, mas t\u00ednhamos consci\u00eancia das dificuldades que enfrentar\u00edamos\u201d<\/em>, falou o prefeito Rodrigo Hagge.<\/p>\n<p>A policl\u00ednica do Centro come\u00e7ar\u00e1 a funcionar j\u00e1 em setembro e a da Nova Itapetinga em cerca de tr\u00eas meses por conta da estrutura necess\u00e1ria. \/\/ <strong><em>Ascom<\/em><\/strong><\/p>\n","protected":false},"excerpt":{"rendered":"<p>Na noite desta quarta-feira, 23, a prefeitura de Itapetinga, atrav\u00e9s da Secretaria de Sa\u00fade, convocou grande coletiva de imprensa para anunciar a implanta\u00e7\u00e3o da Policl\u00ednica Municipal. Com o objetivo de ofertar servi\u00e7os especializados em sa\u00fade de acesso f\u00e1cil para a popula\u00e7\u00e3o, aproximando os usu\u00e1rios da assist\u00eancia m\u00e9dica, duas unidades \u2013 no Centro e na Nova [&hellip;]<\/p>\n","protected":false},"author":2,"featured_media":67194,"comment_status":"open","ping_status":"open","sticky":false,"template":"","format":"standard","meta":{"footnotes":"","_links_to":"","_links_to_target":""},"categories":[1],"tags":[],"class_list":["post-67187","post","type-post","status-publish","format-standard","has-post-thumbnail","hentry","category-geral"],"views":1818,"_links":{"self":[{"href":"https:\/\/www.sudoestehoje.com.br\/novoportal\/wp-json\/wp\/v2\/posts\/67187","targetHints":{"allow":["GET"]}}],"collection":[{"href":"https:\/\/www.sudoestehoje.com.br\/novoportal\/wp-json\/wp\/v2\/posts"}],"about":[{"href":"https:\/\/www.sudoestehoje.com.br\/novoportal\/wp-json\/wp\/v2\/types\/post"}],"author":[{"embeddable":true,"href":"https:\/\/www.sudoestehoje.com.br\/novoportal\/wp-json\/wp\/v2\/users\/2"}],"replies":[{"embeddable":true,"href":"https:\/\/www.sudoestehoje.com.br\/novoportal\/wp-json\/wp\/v2\/comments?post=67187"}],"version-history":[{"count":1,"href":"https:\/\/www.sudoestehoje.com.br\/novoportal\/wp-json\/wp\/v2\/posts\/67187\/revisions"}],"predecessor-version":[{"id":67199,"href":"https:\/\/www.sudoestehoje.com.br\/novoportal\/wp-json\/wp\/v2\/posts\/67187\/revisions\/67199"}],"wp:featuredmedia":[{"embeddable":true,"href":"https:\/\/www.sudoestehoje.com.br\/novoportal\/wp-json\/wp\/v2\/media\/67194"}],"wp:attachment":[{"href":"https:\/\/www.sudoestehoje.com.br\/novoportal\/wp-json\/wp\/v2\/media?parent=67187"}],"wp:term":[{"taxonomy":"category","embeddable":true,"href":"https:\/\/www.sudoestehoje.com.br\/novoportal\/wp-json\/wp\/v2\/categories?post=67187"},{"taxonomy":"post_tag","embeddable":true,"href":"https:\/\/www.sudoestehoje.com.br\/novoportal\/wp-json\/wp\/v2\/tags?post=67187"}],"curies":[{"name":"wp","href":"https:\/\/api.w.org\/{rel}","templated":true}]}}