
{"id":67168,"date":"2017-08-22T22:26:25","date_gmt":"2017-08-23T01:26:25","guid":{"rendered":"http:\/\/www.sudoestehoje.com.br\/novoportal\/?p=67168"},"modified":"2017-08-22T22:29:38","modified_gmt":"2017-08-23T01:29:38","slug":"macarani-prefeito-miller-ferraz-pode-trocar-o-pmdb-pelo-pcdob","status":"publish","type":"post","link":"https:\/\/www.sudoestehoje.com.br\/novoportal\/2017\/08\/22\/macarani-prefeito-miller-ferraz-pode-trocar-o-pmdb-pelo-pcdob\/","title":{"rendered":"MACARANI: PREFEITO MILLER FERRAZ PODE TROCAR O PMDB PELO PCdoB"},"content":{"rendered":"<p><a href=\"http:\/\/www.sudoestehoje.com.br\/novoportal\/wp-content\/uploads\/2017\/08\/miller-e-fabricio.jpg\"><img loading=\"lazy\" decoding=\"async\" class=\"aligncenter size-medium wp-image-67169\" src=\"http:\/\/www.sudoestehoje.com.br\/novoportal\/wp-content\/uploads\/2017\/08\/miller-e-fabricio-500x375.jpg\" alt=\"\" width=\"500\" height=\"375\" srcset=\"https:\/\/www.sudoestehoje.com.br\/novoportal\/wp-content\/uploads\/2017\/08\/miller-e-fabricio-500x375.jpg 500w, https:\/\/www.sudoestehoje.com.br\/novoportal\/wp-content\/uploads\/2017\/08\/miller-e-fabricio.jpg 640w\" sizes=\"auto, (max-width: 500px) 100vw, 500px\" \/><\/a><\/p>\n<p>Filiado ao PMDB desde 2015, pelas m\u00e3os do deputado federal L\u00facio Vieira Lima, o prefeito de Macarani, Miller Ferraz, est\u00e1 de malas prontas para desembarcar no Partido Comunista do Brasil (PCdoB), a qualquer momento.<\/p>\n<p>A informa\u00e7\u00e3o foi repassada ao Sudoeste Hoje pelo pr\u00f3prio irm\u00e3o do prefeito Miller, o vereador Andr\u00e9 Ferraz, em conversa recente com o editor deste blog.<\/p>\n<p>A desfilia\u00e7\u00e3o de Miller e seus partid\u00e1rios do PMDB j\u00e1 era esperada h\u00e1 meses, desde que o deputado comunista Fabr\u00edcio Falc\u00e3o passou a se representar o prefeito na Assembl\u00e9ia Legislativa e nos pleitos de Macarani junto ao governo da Bahia.<\/p>\n<p>Outro fator para o afastamento de Miller do PMDB foi o recente desgaste do deputado federal L\u00facio Vieira Lima junto ao eleitorado local, em decorr\u00eancia das den\u00fancias contra seu irm\u00e3o Geddel, ex-ministro do governo Temer.<\/p>\n<p>Estranhamente, Miller substituiu L\u00facio pelo deputado federal Jos\u00e9 Rocha (PR), tamb\u00e9m ligado \u00e0 base de Temer, que dever\u00e1 fazer dobradinha com Fabr\u00edcio Falc\u00e3o no munic\u00edpio, nas elei\u00e7\u00f5es de 2018.<\/p>\n<p>V\u00e1 entender&#8230;<\/p>\n<p><strong><em>Por Davi Ferraz<\/em><\/strong><\/p>\n","protected":false},"excerpt":{"rendered":"<p>Filiado ao PMDB desde 2015, pelas m\u00e3os do deputado federal L\u00facio Vieira Lima, o prefeito de Macarani, Miller Ferraz, est\u00e1 de malas prontas para desembarcar no Partido Comunista do Brasil (PCdoB), a qualquer momento. A informa\u00e7\u00e3o foi repassada ao Sudoeste Hoje pelo pr\u00f3prio irm\u00e3o do prefeito Miller, o vereador Andr\u00e9 Ferraz, em conversa recente com [&hellip;]<\/p>\n","protected":false},"author":2,"featured_media":67169,"comment_status":"open","ping_status":"open","sticky":false,"template":"","format":"standard","meta":{"footnotes":"","_links_to":"","_links_to_target":""},"categories":[1],"tags":[],"class_list":["post-67168","post","type-post","status-publish","format-standard","has-post-thumbnail","hentry","category-geral"],"views":2168,"_links":{"self":[{"href":"https:\/\/www.sudoestehoje.com.br\/novoportal\/wp-json\/wp\/v2\/posts\/67168","targetHints":{"allow":["GET"]}}],"collection":[{"href":"https:\/\/www.sudoestehoje.com.br\/novoportal\/wp-json\/wp\/v2\/posts"}],"about":[{"href":"https:\/\/www.sudoestehoje.com.br\/novoportal\/wp-json\/wp\/v2\/types\/post"}],"author":[{"embeddable":true,"href":"https:\/\/www.sudoestehoje.com.br\/novoportal\/wp-json\/wp\/v2\/users\/2"}],"replies":[{"embeddable":true,"href":"https:\/\/www.sudoestehoje.com.br\/novoportal\/wp-json\/wp\/v2\/comments?post=67168"}],"version-history":[{"count":2,"href":"https:\/\/www.sudoestehoje.com.br\/novoportal\/wp-json\/wp\/v2\/posts\/67168\/revisions"}],"predecessor-version":[{"id":67171,"href":"https:\/\/www.sudoestehoje.com.br\/novoportal\/wp-json\/wp\/v2\/posts\/67168\/revisions\/67171"}],"wp:featuredmedia":[{"embeddable":true,"href":"https:\/\/www.sudoestehoje.com.br\/novoportal\/wp-json\/wp\/v2\/media\/67169"}],"wp:attachment":[{"href":"https:\/\/www.sudoestehoje.com.br\/novoportal\/wp-json\/wp\/v2\/media?parent=67168"}],"wp:term":[{"taxonomy":"category","embeddable":true,"href":"https:\/\/www.sudoestehoje.com.br\/novoportal\/wp-json\/wp\/v2\/categories?post=67168"},{"taxonomy":"post_tag","embeddable":true,"href":"https:\/\/www.sudoestehoje.com.br\/novoportal\/wp-json\/wp\/v2\/tags?post=67168"}],"curies":[{"name":"wp","href":"https:\/\/api.w.org\/{rel}","templated":true}]}}